{"id":550865,"date":"2025-11-04T18:16:17","date_gmt":"2025-11-04T18:16:17","guid":{"rendered":"https:\/\/www.europesays.com\/de\/550865\/"},"modified":"2025-11-04T18:16:17","modified_gmt":"2025-11-04T18:16:17","slug":"neuer-trainer-von-sw-essen-mit-kfc-vergangenheit","status":"publish","type":"post","link":"https:\/\/www.europesays.com\/de\/550865\/","title":{"rendered":"Neuer Trainer von SW Essen mit KFC-Vergangenheit"},"content":{"rendered":"<p class=\"text_ohne_einzug richtext text-em-55 !leading-serif mx-6 desktop:mx-0\">In der vergangenen Saison war der ETB Schwarz-Wei\u00df Essen ein Top-Team in der Oberliga Niederrhein, spielte bis kurz vor dem Saisonende in der Spitzengruppe um den Aufstieg mit. Am Ende reichte es nicht ganz, das Team aus dem Ruhrgebiet wurde Dritter, mit f\u00fcnf Punkten R\u00fcckstand auf Regionalliga-Aufsteiger Velbert. Das war unter anderem ein Verdienst von KFC-Trainer Julian St\u00f6hr und Verteidiger Jan Bachmann, die in der abgelaufenen Saison in Diensten des ETB t\u00e4tig waren.<\/p>\n","protected":false},"excerpt":{"rendered":"In der vergangenen Saison war der ETB Schwarz-Wei\u00df Essen ein Top-Team in der Oberliga Niederrhein, spielte bis kurz&hellip;\n","protected":false},"author":2,"featured_media":550866,"comment_status":"","ping_status":"","sticky":false,"template":"","format":"standard","meta":{"footnotes":""},"categories":[1834],"tags":[16540,15558,23735,3364,29,3688,30,9744,22916,13762,63125,1209,12006,107762,3459,9387,24996,40111,5725,123881,37035,5843,133877,133876,10084,10434],"class_list":{"0":"post-550865","1":"post","2":"type-post","3":"status-publish","4":"format-standard","5":"has-post-thumbnail","7":"category-essen","8":"tag-etb","9":"tag-bundesligaspiele","10":"tag-cheftrainer","11":"tag-de","12":"tag-deutschland","13":"tag-essen","14":"tag-germany","15":"tag-julian","16":"tag-kfc","17":"tag-liga","18":"tag-ligaspielen","19":"tag-nordrhein-westfalen","20":"tag-oberliga","21":"tag-oberligamannschaft","22":"tag-regionalliga","23":"tag-saison","24":"tag-saisonende","25":"tag-schwarz","26":"tag-spiel","27":"tag-stoehr","28":"tag-traditionsverein","29":"tag-trainer","30":"tag-trainerfreistellung","31":"tag-trainerposition","32":"tag-trainerteam","33":"tag-verein"},"share_on_mastodon":{"url":"https:\/\/pubeurope.com\/@de\/115492800763107605","error":""},"_links":{"self":[{"href":"https:\/\/www.europesays.com\/de\/wp-json\/wp\/v2\/posts\/550865","targetHints":{"allow":["GET"]}}],"collection":[{"href":"https:\/\/www.europesays.com\/de\/wp-json\/wp\/v2\/posts"}],"about":[{"href":"https:\/\/www.europesays.com\/de\/wp-json\/wp\/v2\/types\/post"}],"author":[{"embeddable":true,"href":"https:\/\/www.europesays.com\/de\/wp-json\/wp\/v2\/users\/2"}],"replies":[{"embeddable":true,"href":"https:\/\/www.europesays.com\/de\/wp-json\/wp\/v2\/comments?post=550865"}],"version-history":[{"count":0,"href":"https:\/\/www.europesays.com\/de\/wp-json\/wp\/v2\/posts\/550865\/revisions"}],"wp:featuredmedia":[{"embeddable":true,"href":"https:\/\/www.europesays.com\/de\/wp-json\/wp\/v2\/media\/550866"}],"wp:attachment":[{"href":"https:\/\/www.europesays.com\/de\/wp-json\/wp\/v2\/media?parent=550865"}],"wp:term":[{"taxonomy":"category","embeddable":true,"href":"https:\/\/www.europesays.com\/de\/wp-json\/wp\/v2\/categories?post=550865"},{"taxonomy":"post_tag","embeddable":true,"href":"https:\/\/www.europesays.com\/de\/wp-json\/wp\/v2\/tags?post=550865"}],"curies":[{"name":"wp","href":"https:\/\/api.w.org\/{rel}","templated":true}]}}