{"id":550881,"date":"2025-11-04T18:24:17","date_gmt":"2025-11-04T18:24:17","guid":{"rendered":"https:\/\/www.europesays.com\/de\/550881\/"},"modified":"2025-11-04T18:24:17","modified_gmt":"2025-11-04T18:24:17","slug":"schulen-in-stuttgart-bekommt-stuttgart-eine-weitere-gemeinschaftsschule","status":"publish","type":"post","link":"https:\/\/www.europesays.com\/de\/550881\/","title":{"rendered":"Schulen in Stuttgart: Bekommt Stuttgart eine weitere Gemeinschaftsschule?"},"content":{"rendered":"<p>\t\t\t\t\t\t\t\t\t\t\t\t\t\t\t\t\t\t\t\t\t\t\t\t\t\t\t\t      \t\t            \t\t             \t\t\t\t   \t\t\t\t\t   <img decoding=\"async\" id=\"article-image\" fetchpriority=\"high\" alt=\"Schulen in Stuttgart: Bekommt Stuttgart eine weitere Gemeinschaftsschule?\" title=\"Schulen in Stuttgart: Bekommt Stuttgart eine weitere Gemeinschaftsschule?\" src=\"https:\/\/www.europesays.com\/de\/wp-content\/uploads\/2025\/11\/media.media.6934e519-5e8e-4c6d-b3b1-9156245aacb3.16x9_700.jpg\" data-linkto=\"https:\/\/www.stuttgarter-nachrichten.de\/javascript:void(0);\"\/>\t\t\t\t\t\t\t\t\t\t\t\t\t\t\t\t\t\t\t\t\t\t\t\tDie enge Begleitung der Kinder und Jugendlichen durch Lerncoaches ist eines der Hauptmerkmale der Gemeinschaftsschule.\u00a0Foto: Lichtgut\/Julian Rettig\t\t\t<\/p>\n<p>In Stuttgart gibt es acht Gemeinschaftsschulen \u2013 nur eine mit einer gymnasialen Oberstufe. Teile des Gemeinderats wollen, dass sich das bald \u00e4ndert.<\/p>\n<p> Die <a href=\"https:\/\/www.stuttgarter-nachrichten.de\/thema\/Gemeinschaftsschule\" title=\"Gemeinschaftsschule\" class=\"art_thema\" target=\"_blank\" rel=\"noopener\">Gemeinschaftsschule<\/a> (GMS) ist eine vergleichsweise junge Schulform, die es in Baden-W\u00fcrttemberg erst seit 2012 gibt. Seitdem ist sie stetig gewachsen und erfreut sich wachsender Beliebtheit. In <a href=\"https:\/\/www.stuttgarter-nachrichten.de\/thema\/Stuttgart\" title=\"Stuttgart\" class=\"art_thema\" target=\"_blank\" rel=\"noopener\">Stuttgart<\/a> gibt es inzwischen acht Standorte. <\/p>\n<p>\u201eDie Gemeinschaftsschule hat sich in unserem Bildungssystem etabliert und leistet gute Arbeit\u201c, sagt Fabian Reger. Er ist der schulpolitische Sprecher der Gr\u00fcnen im Stuttgarter Gemeinderat und hat im Namen seiner Fraktion einen Antrag zur St\u00e4rkung der Gemeinschaftsschulen aufgesetzt. SPD und Volt, die Fraktionsgemeinschaft Linke\/S\u00d6S\/Plus sowie die Freien W\u00e4hler haben diesen ebenfalls unterschrieben. <\/p>\n<p>Die Gemeinschaftsschule sei ein <a href=\"https:\/\/www.stuttgarter-nachrichten.de\/inhalt.gemeinschaftsschule-in-stuttgart-igors-ungewoehnlicher-weg-zum-abi.e3d4b49d-5122-492c-9156-75a6cb28c135.html\" target=\"_blank\" rel=\"noopener\">Garant f\u00fcr zeitgem\u00e4\u00dfe und innovative Bildung<\/a>. Sie erm\u00f6gliche es, dass Kinder l\u00e4nger gemeinsam lernen und im Ganztag individuell gef\u00f6rdert werden, hei\u00dft es in dem Antrag.<\/p>\n<p>Um diese Punkte geht es den Antragstellern konkret <\/p>\n<p>Darum soll die Verwaltung pr\u00fcfen, ob in Stuttgart eine weitere GMS gegr\u00fcndet werden kann, zum Beispiel in Stuttgart-Ost oder in Wangen. Dort k\u00f6nnte eine der Werkrealschulen in eine Gemeinschaftsschule umgewandelt werden \u2013 <a href=\"https:\/\/www.stuttgarter-nachrichten.de\/inhalt.emotionale-debatte-in-stuttgart-das-aus-fuer-alle-werkrealschulen-wackelt-buergermeisterin-wuenscht-sich-mut.e14b9e50-52e8-460a-892f-97d81ae6aa09.html\" target=\"_blank\" rel=\"noopener\">die Werkrealschulen will die Stadt Stuttgart abwickeln<\/a> und nicht als eigenst\u00e4ndige Schulform erhalten. <\/p>\n<p>Zudem w\u00fcnschen sich die Antragstellenden, dass zeitnah <a href=\"https:\/\/www.stuttgarter-nachrichten.de\/inhalt.gemeinschaftsschulen-in-stuttgart-zweite-oberstufe-hat-keine-prioritaet-fuer-stadt.25cb21c9-5bfd-466a-8b7d-2b604fedb5a4.html\" target=\"_blank\" rel=\"noopener\">an einer weiteren GMS eine gymnasiale Oberstufe eingerichtet wird<\/a>, und zwar vorzugsweise in Weilimdorf. So soll die Attraktivit\u00e4t der Schulform erh\u00f6ht werden. Bisher gibt es eine gymnasiale Oberstufe an einer GMS in Stuttgart nur an der Schickhardt-Gemeinschaftsschule.<\/p>\n<p>Mit der j\u00fcngsten Schulgesetz\u00e4nderung ist auch die Einrichtung von sogenannten Oberstufenverb\u00fcnden aus Gemeinschaftsschulen ohne eigene Oberstufe und Gemeinschaftsschulen mit Oberstufe oder einem Gymnasium m\u00f6glich. Die Verwaltung soll darlegen, wie solche gymnasialen Oberstufenverb\u00fcnde in Stuttgart zeitnah umgesetzt werden k\u00f6nnen.<\/p>\n<p>Vorz\u00fcge der Gemeinschaftsschule sollen deutlicher gemacht werden <\/p>\n<p>Dar\u00fcber hinaus wird die Verwaltung aufgefordert zu pr\u00fcfen, wie in der Beratung der Eltern beim \u00dcbergang von der Grundschule auf die weiterf\u00fchrende <a href=\"https:\/\/www.stuttgarter-nachrichten.de\/thema\/Schule\" title=\"Schule\" class=\"art_thema\" target=\"_blank\" rel=\"noopener\">Schule<\/a> die <a href=\"https:\/\/www.stuttgarter-nachrichten.de\/inhalt.erster-abi-jahrgang-an-gemeinschaftsschule-diese-abiturienten-haben-schulgeschichte-geschrieben.f08a70aa-0c9a-400c-b3b5-36d0e7cd86cc.html\" target=\"_blank\" rel=\"noopener\">Vorz\u00fcge der Gemeinschaftsschule<\/a> gest\u00e4rkt werden k\u00f6nnen. <\/p>\n<p>All diese Punkte sollen noch vor der Sommerpause 2026 bei einem Hearing zur St\u00e4rkung der Gemeinschaftsschule mit Vertretern aus Wissenschaft und Praxis diskutiert werden.<\/p>\n<p>   <img decoding=\"async\" loading=\"lazy\" src=\"https:\/\/www.europesays.com\/de\/wp-content\/uploads\/2025\/11\/media.media.7b352bc4-e0df-4de3-a156-9d77309b38f0.original1024.media.jpeg\"\/>     An der Gemeinschaftsschule sind theoretisch alle Abschl\u00fcsse m\u00f6glich \u2013wenn auch nicht an allen Standorten.    Foto: dpa\/Robert Michael    <\/p>\n<p>Die Gemeinschaftsschule in Baden-W\u00fcrttemberg setzt auf individuelles Lernen in heterogenen Gruppen. Die Kinder k\u00f6nnen in unterschiedlichen F\u00e4chern auf unterschiedlichen Niveaus arbeiten, also zum Beispiel in Mathe auf dem Realschul- und in Deutsch auf Gymnasialniveau. Die Kinder und Jugendlichen werden von Lerncoaches begleitet. Zudem bietet diese Schulform alle Abschl\u00fcsse an, also den Haupt- und Realschulabschluss sowie das Abitur \u2013 wenn auch nicht an allen Standorten.<\/p>\n","protected":false},"excerpt":{"rendered":"Die enge Begleitung der Kinder und Jugendlichen durch Lerncoaches ist eines der Hauptmerkmale der Gemeinschaftsschule.\u00a0Foto: Lichtgut\/Julian Rettig In&hellip;\n","protected":false},"author":2,"featured_media":550880,"comment_status":"","ping_status":"","sticky":false,"template":"","format":"standard","meta":{"footnotes":""},"categories":[1830],"tags":[1634,3364,29,85581,4481,17238,30,1568,966,1441],"class_list":{"0":"post-550881","1":"post","2":"type-post","3":"status-publish","4":"format-standard","5":"has-post-thumbnail","7":"category-stuttgart","8":"tag-baden-wuerttemberg","9":"tag-de","10":"tag-deutschland","11":"tag-familienlebe","12":"tag-familienpolitik","13":"tag-gemeinschaftsschule","14":"tag-germany","15":"tag-gymnasiale-oberstufe","16":"tag-schule","17":"tag-stuttgart"},"share_on_mastodon":{"url":"https:\/\/pubeurope.com\/@de\/115492832879122320","error":""},"_links":{"self":[{"href":"https:\/\/www.europesays.com\/de\/wp-json\/wp\/v2\/posts\/550881","targetHints":{"allow":["GET"]}}],"collection":[{"href":"https:\/\/www.europesays.com\/de\/wp-json\/wp\/v2\/posts"}],"about":[{"href":"https:\/\/www.europesays.com\/de\/wp-json\/wp\/v2\/types\/post"}],"author":[{"embeddable":true,"href":"https:\/\/www.europesays.com\/de\/wp-json\/wp\/v2\/users\/2"}],"replies":[{"embeddable":true,"href":"https:\/\/www.europesays.com\/de\/wp-json\/wp\/v2\/comments?post=550881"}],"version-history":[{"count":0,"href":"https:\/\/www.europesays.com\/de\/wp-json\/wp\/v2\/posts\/550881\/revisions"}],"wp:featuredmedia":[{"embeddable":true,"href":"https:\/\/www.europesays.com\/de\/wp-json\/wp\/v2\/media\/550880"}],"wp:attachment":[{"href":"https:\/\/www.europesays.com\/de\/wp-json\/wp\/v2\/media?parent=550881"}],"wp:term":[{"taxonomy":"category","embeddable":true,"href":"https:\/\/www.europesays.com\/de\/wp-json\/wp\/v2\/categories?post=550881"},{"taxonomy":"post_tag","embeddable":true,"href":"https:\/\/www.europesays.com\/de\/wp-json\/wp\/v2\/tags?post=550881"}],"curies":[{"name":"wp","href":"https:\/\/api.w.org\/{rel}","templated":true}]}}