{"id":550961,"date":"2025-11-04T19:08:52","date_gmt":"2025-11-04T19:08:52","guid":{"rendered":"https:\/\/www.europesays.com\/de\/550961\/"},"modified":"2025-11-04T19:08:52","modified_gmt":"2025-11-04T19:08:52","slug":"bielefeld-polizei-jagt-kupferdiebe-mit-hubschrauber","status":"publish","type":"post","link":"https:\/\/www.europesays.com\/de\/550961\/","title":{"rendered":"Bielefeld: Polizei jagt Kupferdiebe mit Hubschrauber"},"content":{"rendered":"<p>In Bielefeld hat die Polizei in der Nacht mit einem Hubschrauber nach Kupferdieben gefahndet. Zeugen hatten f\u00fcnf Verd\u00e4chtige auf dem Gel\u00e4nde eines Elektronikfachbetriebs beobachtet. Die vermummten M\u00e4nner waren gerade dabei, Kupferkabel aus einer Mulde in ihren Mercedes Vito zu laden.<\/p>\n<p class=\"h2\">Flucht der Kupferdiebe<\/p>\n<p>Nachdem sie aufgeflogen waren, fuhren die Diebe davon. Die Zeugen nahmen mit einem Auto die Verfolgung auf, verloren das Fahrzeug der T\u00e4ter aber aus den Augen.<\/p>\n<p class=\"h2\">Polizei findet den Fluchtwagen<\/p>\n<p>Die Polizei fand den abgestellten Mercedes Vito mitsamt der Beute an einer Stra\u00dfe. Darin lagen auch Dokumente. Von den Dieben fehlt noch jede Spur.<\/p>\n","protected":false},"excerpt":{"rendered":"In Bielefeld hat die Polizei in der Nacht mit einem Hubschrauber nach Kupferdieben gefahndet. Zeugen hatten f\u00fcnf Verd\u00e4chtige&hellip;\n","protected":false},"author":2,"featured_media":550962,"comment_status":"","ping_status":"","sticky":false,"template":"","format":"standard","meta":{"footnotes":""},"categories":[1841],"tags":[1605,3364,29,30,133898,1584,105646,1209,121],"class_list":{"0":"post-550961","1":"post","2":"type-post","3":"status-publish","4":"format-standard","5":"has-post-thumbnail","7":"category-bielefeld","8":"tag-bielefeld","9":"tag-de","10":"tag-deutschland","11":"tag-germany","12":"tag-hubschrauberfahndung","13":"tag-kriminalitaet","14":"tag-kupferdiebstahl","15":"tag-nordrhein-westfalen","16":"tag-polizei"},"share_on_mastodon":{"url":"https:\/\/pubeurope.com\/@de\/115493009075885573","error":""},"_links":{"self":[{"href":"https:\/\/www.europesays.com\/de\/wp-json\/wp\/v2\/posts\/550961","targetHints":{"allow":["GET"]}}],"collection":[{"href":"https:\/\/www.europesays.com\/de\/wp-json\/wp\/v2\/posts"}],"about":[{"href":"https:\/\/www.europesays.com\/de\/wp-json\/wp\/v2\/types\/post"}],"author":[{"embeddable":true,"href":"https:\/\/www.europesays.com\/de\/wp-json\/wp\/v2\/users\/2"}],"replies":[{"embeddable":true,"href":"https:\/\/www.europesays.com\/de\/wp-json\/wp\/v2\/comments?post=550961"}],"version-history":[{"count":0,"href":"https:\/\/www.europesays.com\/de\/wp-json\/wp\/v2\/posts\/550961\/revisions"}],"wp:featuredmedia":[{"embeddable":true,"href":"https:\/\/www.europesays.com\/de\/wp-json\/wp\/v2\/media\/550962"}],"wp:attachment":[{"href":"https:\/\/www.europesays.com\/de\/wp-json\/wp\/v2\/media?parent=550961"}],"wp:term":[{"taxonomy":"category","embeddable":true,"href":"https:\/\/www.europesays.com\/de\/wp-json\/wp\/v2\/categories?post=550961"},{"taxonomy":"post_tag","embeddable":true,"href":"https:\/\/www.europesays.com\/de\/wp-json\/wp\/v2\/tags?post=550961"}],"curies":[{"name":"wp","href":"https:\/\/api.w.org\/{rel}","templated":true}]}}