{"id":551169,"date":"2025-11-04T20:57:17","date_gmt":"2025-11-04T20:57:17","guid":{"rendered":"https:\/\/www.europesays.com\/de\/551169\/"},"modified":"2025-11-04T20:57:17","modified_gmt":"2025-11-04T20:57:17","slug":"exoskelett-firma-will-von-essen-aus-europa-erobern","status":"publish","type":"post","link":"https:\/\/www.europesays.com\/de\/551169\/","title":{"rendered":"Exoskelett-Firma will von Essen aus Europa erobern"},"content":{"rendered":"<p>Mit Roboteranz\u00fcgen ges\u00fcnder arbeiten?Exoskelett-Firma will von Essen aus Europa erobern<\/p>\n<p>4. November 2025 um 19:06 Uhr<\/p>\n<p class=\"AnnotatedMarkup_paragraph__IUT9l\">Exoskelette sind so etwas wie Roboteranz\u00fcge &#8211; schwere Sachen sollen damit kein Problem mehr sein.<\/p>\n<p class=\"AnnotatedMarkup_paragraph__IUT9l\">Was moderne Technologie anbetrifft, liegt Japan immer weit vorn. Eine Firma von dort f\u00fchlt sich jetzt offenbar besonders wohl in NRW. Das Exoskelett-Unternehmen Innophys hat jetzt einen europ\u00e4ischen Standort im Essener Ruhr Tower. Das Prinzip ist zwar nicht neu. Laut Gesch\u00e4ftsf\u00fchrer Naotaka Otogawa sind seine Modelle aber einzigartig: \u201eBei uns gibt es zwei Besonderheiten. Wir funktionieren komplett ohne Elektronik. Unsere Produkte sind sicher und es bestehen keine Gefahren, dass sich da was verselbstst\u00e4ndigen k\u00f6nnte. Au\u00dferdem ist man damit sehr mobil. Sie k\u00f6nnen von jedem schnell eingesetzt werden und getragen werden.\u201c<\/p>\n<p>Health Care \u2013 Made in Japan<\/p>\n<p class=\"AnnotatedMarkup_paragraph__IUT9l\">An der Universit\u00e4t Tokio wurden die Ger\u00e4te entwickelt, auch die Produktion l\u00e4uft komplett in Japan. Mittlerweile hat das Unternehmen weltweit mehr als 35.000 Exoskelette in \u00fcber 20 L\u00e4nder verkauft. Die Essener Wirtschaftsf\u00f6rderung hat Innophys in den Pott vermittelt. Deutschland und Japan sind zwar sehr unterschiedlich, k\u00f6nnen aber auch viel voneinander lernen. \u201eDie Art und Weise der Arbeit ist in Deutschland effizienter als in Japan. Auf der anderen Seite hat man in Japan mehr Harmonie in bei der Arbeit. So k\u00f6nnen wir gegenseitig lernen\u201c, so der japanische Generalkonsul Yoshitaka Tsunoda.<br \/><strong> <\/strong><\/p>\n<p>Oberb\u00fcrgermeister ist stolz<\/p>\n<p class=\"AnnotatedMarkup_paragraph__IUT9l\">Essens Oberb\u00fcrgermeister Thomas Kufen (SPD) war auch zur Begr\u00fc\u00dfung da. F\u00fcr ihn ist der Start nur ein Teil von etwas ganz Gro\u00dfem: \u201eDas ist ein wichtiger Meilenstein, vor allen Dingen, weil wir in Japan vor Ort waren und wenn daraus Unternehmensansiedlungen und Arbeitspl\u00e4tze geschaffen werden, dann haben wir alles richtig gemacht.\u201c<\/p>\n","protected":false},"excerpt":{"rendered":"Mit Roboteranz\u00fcgen ges\u00fcnder arbeiten?Exoskelett-Firma will von Essen aus Europa erobern 4. November 2025 um 19:06 Uhr Exoskelette sind&hellip;\n","protected":false},"author":2,"featured_media":551170,"comment_status":"","ping_status":"","sticky":false,"template":"","format":"standard","meta":{"footnotes":""},"categories":[1834],"tags":[3364,29,3688,30,5827,5828,1209,5830,5829,5825,5826,5824,55793],"class_list":{"0":"post-551169","1":"post","2":"type-post","3":"status-publish","4":"format-standard","5":"has-post-thumbnail","7":"category-essen","8":"tag-de","9":"tag-deutschland","10":"tag-essen","11":"tag-germany","12":"tag-nachrichten-nrw","13":"tag-news-nrw","14":"tag-nordrhein-westfalen","15":"tag-regionale-nachrichten-nrw","16":"tag-rtl-nachrichten-nrw","17":"tag-rtl-nrw","18":"tag-rtl-regional","19":"tag-rtl-west","20":"tag-rtl-west-archiv"},"share_on_mastodon":{"url":"https:\/\/pubeurope.com\/@de\/115493433778150055","error":""},"_links":{"self":[{"href":"https:\/\/www.europesays.com\/de\/wp-json\/wp\/v2\/posts\/551169","targetHints":{"allow":["GET"]}}],"collection":[{"href":"https:\/\/www.europesays.com\/de\/wp-json\/wp\/v2\/posts"}],"about":[{"href":"https:\/\/www.europesays.com\/de\/wp-json\/wp\/v2\/types\/post"}],"author":[{"embeddable":true,"href":"https:\/\/www.europesays.com\/de\/wp-json\/wp\/v2\/users\/2"}],"replies":[{"embeddable":true,"href":"https:\/\/www.europesays.com\/de\/wp-json\/wp\/v2\/comments?post=551169"}],"version-history":[{"count":0,"href":"https:\/\/www.europesays.com\/de\/wp-json\/wp\/v2\/posts\/551169\/revisions"}],"wp:featuredmedia":[{"embeddable":true,"href":"https:\/\/www.europesays.com\/de\/wp-json\/wp\/v2\/media\/551170"}],"wp:attachment":[{"href":"https:\/\/www.europesays.com\/de\/wp-json\/wp\/v2\/media?parent=551169"}],"wp:term":[{"taxonomy":"category","embeddable":true,"href":"https:\/\/www.europesays.com\/de\/wp-json\/wp\/v2\/categories?post=551169"},{"taxonomy":"post_tag","embeddable":true,"href":"https:\/\/www.europesays.com\/de\/wp-json\/wp\/v2\/tags?post=551169"}],"curies":[{"name":"wp","href":"https:\/\/api.w.org\/{rel}","templated":true}]}}