{"id":551311,"date":"2025-11-04T22:17:15","date_gmt":"2025-11-04T22:17:15","guid":{"rendered":"https:\/\/www.europesays.com\/de\/551311\/"},"modified":"2025-11-04T22:17:15","modified_gmt":"2025-11-04T22:17:15","slug":"niedersachsen-bremen-vfl-osnabrueck-stadtrat-stimmt-fuer-sanierung-des-stadions","status":"publish","type":"post","link":"https:\/\/www.europesays.com\/de\/551311\/","title":{"rendered":"Niedersachsen &#038; Bremen: VfL Osnabr\u00fcck: Stadtrat stimmt f\u00fcr Sanierung des Stadions"},"content":{"rendered":"<p>                    Niedersachsen &amp; Bremen<br \/>\n                VfL Osnabr\u00fcck: Stadtrat stimmt f\u00fcr Sanierung des Stadions<\/p>\n<p>\t\t\t\t              04.11.2025, 22:46 Uhr<\/p>\n<p><strong>Der VfL Osnabr\u00fcck darf sich auf ein umgebautes Stadion freuen. Der Stadtrat gibt gr\u00fcnes Licht bei der Finanzierung, um die marode Bremer Br\u00fccke zu sanieren.<\/strong><\/p>\n<p>Osnabr\u00fcck (dpa\/lni) &#8211; Der Rat der Stadt Osnabr\u00fcck hat zugestimmt, das in die Jahre gekommene Stadion an der Bremer Br\u00fccke zu sanieren. Das teilte der Fu\u00dfball-Drittligist nach der Entscheidung des Rats am Dienstagabend mit. &#8222;Insgesamt will die Stadt rund 33 Millionen Euro in das Projekt investieren&#8220;, schrieb der Club in einer Mitteilung. Der fr\u00fchestm\u00f6gliche Beginn der Sanierungsarbeiten ist demnach f\u00fcr das Ende der Saison 2025\/26 vorgesehen.<\/p>\n<p>&#8222;Dieser Beschluss ist ein Meilenstein f\u00fcr die Bremer Br\u00fccke&#8220;, wurde Jan Jansen zitiert, der Gesch\u00e4ftsf\u00fchrer der Stadionbesitzgesellschaft des VfL. Drei Trib\u00fcnen der Arena werden in den kommenden Jahren saniert. Dadurch will der Club ein gleicherma\u00dfen zeitgem\u00e4\u00dfes und &#8222;weiterhin emotional aufgeladenes Stadion&#8220; erm\u00f6glichen.<\/p>\n<p>Im vergangenen Jahr hatte die Stadt sogar schon einmal wegen Baum\u00e4ngeln an der Bremer Br\u00fccke eine Nutzungsuntersagung f\u00fcr das gesamte Stadion ausgesprochen. Das damals im Saison-Endspurt der 2. Liga angesetzte Heimspiel gegen den FC Schalke 04 wurde ohne Zuschauer am Hamburger Millerntor ausgetragen. Beim darauffolgenden letzten Saison-Heimspiel gegen Hertha BSC konnte das Stadion dann bis auf die Ostkurve genutzt werden.<\/p>\n","protected":false},"excerpt":{"rendered":"Niedersachsen &amp; Bremen VfL Osnabr\u00fcck: Stadtrat stimmt f\u00fcr Sanierung des Stadions 04.11.2025, 22:46 Uhr Der VfL Osnabr\u00fcck darf&hellip;\n","protected":false},"author":2,"featured_media":551312,"comment_status":"","ping_status":"","sticky":false,"template":"","format":"standard","meta":{"footnotes":""},"categories":[1824],"tags":[2420,3364,29,30,1411,741,4108,133943,1108,13371],"class_list":{"0":"post-551311","1":"post","2":"type-post","3":"status-publish","4":"format-standard","5":"has-post-thumbnail","7":"category-bremen","8":"tag-bremen","9":"tag-de","10":"tag-deutschland","11":"tag-germany","12":"tag-niedersachsen","13":"tag-osnabrueck","14":"tag-sanierung","15":"tag-stadions","16":"tag-stadtrat","17":"tag-vfl"},"share_on_mastodon":{"url":"https:\/\/pubeurope.com\/@de\/115493748328935226","error":""},"_links":{"self":[{"href":"https:\/\/www.europesays.com\/de\/wp-json\/wp\/v2\/posts\/551311","targetHints":{"allow":["GET"]}}],"collection":[{"href":"https:\/\/www.europesays.com\/de\/wp-json\/wp\/v2\/posts"}],"about":[{"href":"https:\/\/www.europesays.com\/de\/wp-json\/wp\/v2\/types\/post"}],"author":[{"embeddable":true,"href":"https:\/\/www.europesays.com\/de\/wp-json\/wp\/v2\/users\/2"}],"replies":[{"embeddable":true,"href":"https:\/\/www.europesays.com\/de\/wp-json\/wp\/v2\/comments?post=551311"}],"version-history":[{"count":0,"href":"https:\/\/www.europesays.com\/de\/wp-json\/wp\/v2\/posts\/551311\/revisions"}],"wp:featuredmedia":[{"embeddable":true,"href":"https:\/\/www.europesays.com\/de\/wp-json\/wp\/v2\/media\/551312"}],"wp:attachment":[{"href":"https:\/\/www.europesays.com\/de\/wp-json\/wp\/v2\/media?parent=551311"}],"wp:term":[{"taxonomy":"category","embeddable":true,"href":"https:\/\/www.europesays.com\/de\/wp-json\/wp\/v2\/categories?post=551311"},{"taxonomy":"post_tag","embeddable":true,"href":"https:\/\/www.europesays.com\/de\/wp-json\/wp\/v2\/tags?post=551311"}],"curies":[{"name":"wp","href":"https:\/\/api.w.org\/{rel}","templated":true}]}}