{"id":551342,"date":"2025-11-04T22:33:13","date_gmt":"2025-11-04T22:33:13","guid":{"rendered":"https:\/\/www.europesays.com\/de\/551342\/"},"modified":"2025-11-04T22:33:13","modified_gmt":"2025-11-04T22:33:13","slug":"fc-bayern-muenchen-noten-und-einzelkritiken-zum-spiel-gegen-psg-eine-szene-schaltet-die-beiden-besten-muenchner-aus","status":"publish","type":"post","link":"https:\/\/www.europesays.com\/de\/551342\/","title":{"rendered":"FC Bayern M\u00fcnchen, Noten und Einzelkritiken zum Spiel gegen PSG: Eine Szene schaltet die beiden besten M\u00fcnchner aus"},"content":{"rendered":"<p>Der FC Bayern hat den amtierenden Champions-League-Sieger Paris Saint-Germain mit 2:1 besiegt und somit auch das 16. Spiel dieser Saison gewonnen. Die FCB-Profis in der Einzelkritik.<\/p>\n<p>Die unumstrittenen Stammspieler Dayot Upamecano, Michael Olise, Luis Diaz und Harry Kane kehrten f\u00fcr den Kracher gegen PSG erwartungsgem\u00e4\u00df in die Startelf zur\u00fcck. Insgesamt nahm Trainer Vincent Kompany im Vergleich zum 3:0-Sieg gegen Bayer Leverkusen sechs \u00c4nderungen vor.\u00a0<\/p>\n<p>Diaz brachte den FC Bayern mit einem Doppelpack in F\u00fchrung (4. und 32.) und sah dann f\u00fcr ein r\u00fcdes Foul an Achraf Hakimi nach VAR-Intervention die Rote Karte (45.+6). Das f\u00fchrte dazu, dass auch der zweite \u00fcberragende M\u00fcnchner der ersten Halbzeit fr\u00fchzeitig runter musste: Serge Gnabry, den Kompany aus taktischen Gr\u00fcnden zur Pause durch Tom Bischof ersetzte. Joao Neves verk\u00fcrzte in der 74. f\u00fcr PSG.<\/p>\n<p><a href=\"https:\/\/www.spox.com\/fussball\/live\/champions-league-psg-vs-fc-bayern-muenchen-heute-im-liveticker\/blt959bba79da08fafe\" target=\"_self\" rel=\"nofollow noopener\">Hier geht es zum Spielbericht<\/a>.<\/p>\n<p><img loading=\"lazy\" decoding=\"async\" src=\"https:\/\/www.europesays.com\/de\/wp-content\/uploads\/2025\/11\/30e5b83f1208451ab41d3184ddcec4ee.gif\" width=\"1\" height=\"1\" alt=\"\" style=\"width:1;height:1\"\/><\/p>\n","protected":false},"excerpt":{"rendered":"Der FC Bayern hat den amtierenden Champions-League-Sieger Paris Saint-Germain mit 2:1 besiegt und somit auch das 16. Spiel&hellip;\n","protected":false},"author":2,"featured_media":551343,"comment_status":"","ping_status":"","sticky":false,"template":"","format":"standard","meta":{"footnotes":""},"categories":[1827],"tags":[772,923,58212,468,102562,29,30,11033,59723,102563,73258,1268,23613,58211,19870],"class_list":{"0":"post-551342","1":"post","2":"type-post","3":"status-publish","4":"format-standard","5":"has-post-thumbnail","7":"category-muenchen","8":"tag-bayern","9":"tag-bayern-muenchen","10":"tag-bayern-munich","11":"tag-champions-league","12":"tag-d-upamecano","13":"tag-deutschland","14":"tag-germany","15":"tag-h-kane","16":"tag-j-kimmich","17":"tag-j-tah","18":"tag-l-diaz","19":"tag-muenchen","20":"tag-paris-saint-germain","21":"tag-s-gnabry","22":"tag-v-kompany"},"share_on_mastodon":{"url":"https:\/\/pubeurope.com\/@de\/115493811415686601","error":""},"_links":{"self":[{"href":"https:\/\/www.europesays.com\/de\/wp-json\/wp\/v2\/posts\/551342","targetHints":{"allow":["GET"]}}],"collection":[{"href":"https:\/\/www.europesays.com\/de\/wp-json\/wp\/v2\/posts"}],"about":[{"href":"https:\/\/www.europesays.com\/de\/wp-json\/wp\/v2\/types\/post"}],"author":[{"embeddable":true,"href":"https:\/\/www.europesays.com\/de\/wp-json\/wp\/v2\/users\/2"}],"replies":[{"embeddable":true,"href":"https:\/\/www.europesays.com\/de\/wp-json\/wp\/v2\/comments?post=551342"}],"version-history":[{"count":0,"href":"https:\/\/www.europesays.com\/de\/wp-json\/wp\/v2\/posts\/551342\/revisions"}],"wp:featuredmedia":[{"embeddable":true,"href":"https:\/\/www.europesays.com\/de\/wp-json\/wp\/v2\/media\/551343"}],"wp:attachment":[{"href":"https:\/\/www.europesays.com\/de\/wp-json\/wp\/v2\/media?parent=551342"}],"wp:term":[{"taxonomy":"category","embeddable":true,"href":"https:\/\/www.europesays.com\/de\/wp-json\/wp\/v2\/categories?post=551342"},{"taxonomy":"post_tag","embeddable":true,"href":"https:\/\/www.europesays.com\/de\/wp-json\/wp\/v2\/tags?post=551342"}],"curies":[{"name":"wp","href":"https:\/\/api.w.org\/{rel}","templated":true}]}}