{"id":551348,"date":"2025-11-04T22:36:13","date_gmt":"2025-11-04T22:36:13","guid":{"rendered":"https:\/\/www.europesays.com\/de\/551348\/"},"modified":"2025-11-04T22:36:13","modified_gmt":"2025-11-04T22:36:13","slug":"berlin-brandenburg-was-die-amtskette-der-oberbuergermeisterin-so-besonders-macht","status":"publish","type":"post","link":"https:\/\/www.europesays.com\/de\/551348\/","title":{"rendered":"Berlin &#038; Brandenburg: Was die Amtskette der Oberb\u00fcrgermeisterin so besonders macht"},"content":{"rendered":"<p>                    Berlin &amp; Brandenburg<br \/>\n                Was die Amtskette der Oberb\u00fcrgermeisterin so besonders macht<\/p>\n<p>\t\t\t\t              04.11.2025, 18:30 Uhr<\/p>\n<p><strong>Glanzmoment in Potsdam: Die neue Oberb\u00fcrgermeisterin Noosha Aubel tr\u00e4gt als erste Frau die traditionsreiche Amtskette. Das Schmuckst\u00fcck hat eine reiche Geschichte.<\/strong><\/p>\n<p>Potsdam (dpa\/bb) &#8211; Gro\u00dfer Auftritt f\u00fcr eine Amtskette mit bewegter Geschichte: Potsdams neue Oberb\u00fcrgermeisterin Noosha Aubel (parteilos) ist die erste Frau, die das besondere Schmuckst\u00fcck tr\u00e4gt.\u00a0<\/p>\n<p>Bei der feierlichen Amtseinf\u00fchrung am Abend sollte die Rathauschefin die prunkvoll aussehende Kette erstmals tragen. Sie musste f\u00fcr Aubel um 14 Glieder gek\u00fcrzt werden, wie die Stadt mitteilte.<\/p>\n<p>Was hat es mit der Amtskette sonst noch auf sich?\u00a0<\/p>\n<p>Mit dem Tragen zeigt die Oberb\u00fcrgermeisterin ihre Funktion als oberste Vertreterin der B\u00fcrgerschaft. Sie werde zu besonderen Anl\u00e4ssen getragen \u2013 unter anderem bei Eintr\u00e4gen hochrangiger G\u00e4ste ins &#8222;Goldene Buch&#8220; der Stadt, so die Verwaltung in Potsdam. Das Stadtwappen ist Kernst\u00fcck der Amtskette.<\/p>\n<p>Die Tradition reicht weit zur\u00fcck: Die fr\u00fcheste bekannte Darstellung der Amtskette stammt laut Stadt aus dem Jahr 1850. Zuletzt sei sie 1988 f\u00fcr den Abschluss des St\u00e4dtepartnerschaftsvertrags mit Bonn neu angefertigt worden. 1994 wurde bemerkt, dass die Kette verschwunden war. 1997 sei sie im Briefkasten der Stadtverwaltung wieder aufgetaucht \u2013 mit anonymem Absender, verriet die Verwaltung.<\/p>\n","protected":false},"excerpt":{"rendered":"Berlin &amp; Brandenburg Was die Amtskette der Oberb\u00fcrgermeisterin so besonders macht 04.11.2025, 18:30 Uhr Glanzmoment in Potsdam: Die&hellip;\n","protected":false},"author":2,"featured_media":551349,"comment_status":"","ping_status":"","sticky":false,"template":"","format":"standard","meta":{"footnotes":"","_share_on_mastodon":"0"},"categories":[1816],"tags":[1960,1958,1959,1957,133948,296,1956,1890,29,30,18852,3771],"class_list":["post-551348","post","type-post","status-publish","format-standard","has-post-thumbnail","category-brandenburg","tag-aktuelle-nachrichten-aus-berlin-und-brandenburg","tag-aktuelle-nachrichten-aus-brandenburg","tag-aktuelle-news-aus-berlin-und-brandenburg","tag-aktuelle-news-aus-brandenburg","tag-amtskette","tag-berlin","tag-berlin-und-brandenburg","tag-brandenburg","tag-deutschland","tag-germany","tag-oberbuergermeisterin","tag-was"],"share_on_mastodon":{"url":"https:\/\/pubeurope.com\/@de\/115493823110480168","error":""},"_links":{"self":[{"href":"https:\/\/www.europesays.com\/de\/wp-json\/wp\/v2\/posts\/551348","targetHints":{"allow":["GET"]}}],"collection":[{"href":"https:\/\/www.europesays.com\/de\/wp-json\/wp\/v2\/posts"}],"about":[{"href":"https:\/\/www.europesays.com\/de\/wp-json\/wp\/v2\/types\/post"}],"author":[{"embeddable":true,"href":"https:\/\/www.europesays.com\/de\/wp-json\/wp\/v2\/users\/2"}],"replies":[{"embeddable":true,"href":"https:\/\/www.europesays.com\/de\/wp-json\/wp\/v2\/comments?post=551348"}],"version-history":[{"count":0,"href":"https:\/\/www.europesays.com\/de\/wp-json\/wp\/v2\/posts\/551348\/revisions"}],"wp:featuredmedia":[{"embeddable":true,"href":"https:\/\/www.europesays.com\/de\/wp-json\/wp\/v2\/media\/551349"}],"wp:attachment":[{"href":"https:\/\/www.europesays.com\/de\/wp-json\/wp\/v2\/media?parent=551348"}],"wp:term":[{"taxonomy":"category","embeddable":true,"href":"https:\/\/www.europesays.com\/de\/wp-json\/wp\/v2\/categories?post=551348"},{"taxonomy":"post_tag","embeddable":true,"href":"https:\/\/www.europesays.com\/de\/wp-json\/wp\/v2\/tags?post=551348"}],"curies":[{"name":"wp","href":"https:\/\/api.w.org\/{rel}","templated":true}]}}