{"id":551424,"date":"2025-11-04T23:16:16","date_gmt":"2025-11-04T23:16:16","guid":{"rendered":"https:\/\/www.europesays.com\/de\/551424\/"},"modified":"2025-11-04T23:16:16","modified_gmt":"2025-11-04T23:16:16","slug":"russischer-nationalfeiertag-pianist-justus-frantz-erhaelt-freundschaftsorden-von-putin","status":"publish","type":"post","link":"https:\/\/www.europesays.com\/de\/551424\/","title":{"rendered":"Russischer Nationalfeiertag: Pianist Justus Frantz erh\u00e4lt Freundschaftsorden von Putin"},"content":{"rendered":"<p>            Schlie\u00dfen<\/p>\n<p>            Ver\u00f6ffentlicht am<br \/>\n                <\/p>\n<p>        Hinweis<\/p>\n<p class=\"article-notice__text\">DIE ZEIT hat diese Meldung redaktionell nicht bearbeitet. Sie wurde automatisch von der Deutschen Presse-Agentur (dpa) \u00fcbernommen.<\/p>\n<p>            <img decoding=\"async\" class=\"article__media-item\" src=\"https:\/\/www.europesays.com\/de\/wp-content\/uploads\/2025\/11\/1762298176_286_wide__660x371.jpeg\" alt=\"Russischer Nationalfeiertag: Trotz des andauernden Konflikts zwischen Russland und dem Westen hat Kremlchef Wladimir Putin dem deutschen Pianisten und Dirigenten Justus Frantz einen Orden verliehen.\"\/><\/p>\n<p>                    Trotz des andauernden Konflikts zwischen Russland und dem Westen hat Kremlchef Wladimir Putin dem deutschen Pianisten und Dirigenten Justus Frantz einen Orden verliehen.<br \/>\n            \u00a9\u00a0Maxim Shipenkov\/\u200bPool EPA via AP\/\u200bdpa<\/p>\n<p class=\"paragraph article__item\">Der bekannte deutsche Pianist und Dirigent <a class=\"rtr-entity\" href=\"https:\/\/www.zeit.de\/thema\/justus-frantz\" target=\"_blank\" rel=\"noopener\">Justus Frantz<\/a> ist im Moskauer Kreml vom russischen Pr\u00e4sidenten Wladimir Putin mit dem Freundschaftsorden ausgezeichnet worden. \u00abJustus Frantz leistet seit vielen Jahren einen fruchtbaren Beitrag zur Ann\u00e4herung und gegenseitigen Bereicherung der Kulturen Russlands und der Bundesrepublik Deutschland\u00bb, sagte der Kremlchef bei seiner Rede zur Ordensverleihung anl\u00e4sslich des russischen Tags der nationalen Einheit.\u00a0\n<\/p>\n<p>Aktuelles<\/p>\n<p>                <a href=\"https:\/\/www.zeit.de\/wirtschaft\/2025-10\/russische-wirtschaft-sanktionen-usa-dmitri-nekrasow\" data-ct-label=\"Russische Wirtschaft: &quot;Sanktionen halten Putin nicht ab, den Krieg weiterzuf\u00fchren&quot;\" target=\"_blank\" rel=\"noopener\"><\/p>\n<p>        Z+ (abopflichtiger Inhalt);<\/p>\n<p>    Russische Wirtschaft:<br \/>\n                        &#8222;Sanktionen halten Putin nicht ab, den Krieg weiterzuf\u00fchren&#8220;<\/p>\n<p>                <\/a><\/p>\n<p>                <a href=\"https:\/\/www.zeit.de\/politik\/ausland\/2025-10\/usa-sanktionen-russland-oelkonzerne-ukraine-krieg\" data-ct-label=\"Ukrainekrieg: USA sanktionieren Russlands gr\u00f6\u00dfte \u00d6lkonzerne\" target=\"_blank\" rel=\"noopener\"><\/p>\n<p>                        Ukrainekrieg:<br \/>\n                        USA sanktionieren Russlands gr\u00f6\u00dfte \u00d6lkonzerne<\/p>\n<p>                <\/a><\/p>\n<p>                <a href=\"https:\/\/www.zeit.de\/politik\/ausland\/2025-11\/china-russland-sanktionen-usa-oel-europa-handel-strategie\" data-ct-label=\"US-Sanktionen: Russland und China wollen gemeinsam auf Sanktionen reagieren\" target=\"_blank\" rel=\"noopener\"><\/p>\n<p>                        US-Sanktionen:<br \/>\n                        Russland und China wollen gemeinsam auf Sanktionen reagieren<\/p>\n<p>                <\/a><\/p>\n<p class=\"paragraph article__item\">Frantz war trotz erschwerender westlicher Sanktionen pers\u00f6nlich zur Ordensverleihung nach Russland gereist. \u00abDas ist f\u00fcr mich eine gro\u00dfe Ehre, dass ich heute hier sein kann und ich so einen wichtigen Orden habe. Das ganze Leben wollte ich russische Musik spielen und f\u00fcr Ihre Kultur arbeiten\u00bb, sagte der Musiker <a class=\"rtr-entity\" href=\"https:\/\/www.zeit.de\/thema\/wladimir-putin\" target=\"_blank\" rel=\"noopener\">Putin<\/a> auf Russisch. Besonders hob er dabei die Symphonien der Komponisten Peter Tschaikowsky und Sergei Rachmaninow hervor.\n<\/p>\n<p class=\"paragraph article__item\">Der 81-J\u00e4hrige gilt als einer der pr\u00e4genden K\u00f6pfe der deutschen Klassikszene. Er wurde bereits fr\u00fcher f\u00fcr seine Verteidigung der russischen Annexion der ukrainischen Schwarzmeer-Halbinsel Krim von 2014 und Auftritte in <a class=\"rtr-entity\" href=\"https:\/\/www.zeit.de\/thema\/russland\" target=\"_blank\" rel=\"noopener\">Russland<\/a> in den vergangenen Jahren kritisiert. Russland f\u00fchrt seit Februar 2022 einen Angriffskrieg gegen die benachbarte Ukraine und ist daf\u00fcr mit harten westlichen Sanktionen belegt worden.\n<\/p>\n<p class=\"paragraph article__item\">\u00a9 dpa-infocom, dpa:251104-930-250321\/3<\/p>\n","protected":false},"excerpt":{"rendered":"Schlie\u00dfen Ver\u00f6ffentlicht am Hinweis DIE ZEIT hat diese Meldung redaktionell nicht bearbeitet. Sie wurde automatisch von der Deutschen&hellip;\n","protected":false},"author":2,"featured_media":551425,"comment_status":"","ping_status":"","sticky":false,"template":"","format":"standard","meta":{"footnotes":""},"categories":[4013],"tags":[331,332,133961,13,133920,14,33922,15,4043,4044,850,133960,307,12,306],"class_list":{"0":"post-551424","1":"post","2":"type-post","3":"status-publish","4":"format-standard","5":"has-post-thumbnail","7":"category-russland","8":"tag-aktuelle-nachrichten","9":"tag-aktuelle-news","10":"tag-freundschaftsorden","11":"tag-headlines","12":"tag-justus-frantz","13":"tag-nachrichten","14":"tag-nationalfeiertag","15":"tag-news","16":"tag-russia","17":"tag-russian-federation","18":"tag-russische-foederation","19":"tag-russischer-nationalfeiertag","20":"tag-russland","21":"tag-schlagzeilen","22":"tag-wladimir-putin"},"share_on_mastodon":{"url":"https:\/\/pubeurope.com\/@de\/115493980514526513","error":""},"_links":{"self":[{"href":"https:\/\/www.europesays.com\/de\/wp-json\/wp\/v2\/posts\/551424","targetHints":{"allow":["GET"]}}],"collection":[{"href":"https:\/\/www.europesays.com\/de\/wp-json\/wp\/v2\/posts"}],"about":[{"href":"https:\/\/www.europesays.com\/de\/wp-json\/wp\/v2\/types\/post"}],"author":[{"embeddable":true,"href":"https:\/\/www.europesays.com\/de\/wp-json\/wp\/v2\/users\/2"}],"replies":[{"embeddable":true,"href":"https:\/\/www.europesays.com\/de\/wp-json\/wp\/v2\/comments?post=551424"}],"version-history":[{"count":0,"href":"https:\/\/www.europesays.com\/de\/wp-json\/wp\/v2\/posts\/551424\/revisions"}],"wp:featuredmedia":[{"embeddable":true,"href":"https:\/\/www.europesays.com\/de\/wp-json\/wp\/v2\/media\/551425"}],"wp:attachment":[{"href":"https:\/\/www.europesays.com\/de\/wp-json\/wp\/v2\/media?parent=551424"}],"wp:term":[{"taxonomy":"category","embeddable":true,"href":"https:\/\/www.europesays.com\/de\/wp-json\/wp\/v2\/categories?post=551424"},{"taxonomy":"post_tag","embeddable":true,"href":"https:\/\/www.europesays.com\/de\/wp-json\/wp\/v2\/tags?post=551424"}],"curies":[{"name":"wp","href":"https:\/\/api.w.org\/{rel}","templated":true}]}}