{"id":551521,"date":"2025-11-05T00:10:15","date_gmt":"2025-11-05T00:10:15","guid":{"rendered":"https:\/\/www.europesays.com\/de\/551521\/"},"modified":"2025-11-05T00:10:15","modified_gmt":"2025-11-05T00:10:15","slug":"saengerin-christina-perri-hat-scheidung-von-ehemann-eingereicht","status":"publish","type":"post","link":"https:\/\/www.europesays.com\/de\/551521\/","title":{"rendered":"S\u00e4ngerin Christina Perri hat Scheidung von Ehemann eingereicht"},"content":{"rendered":"<p>Kurz vor achtem Hochzeitstag <\/p>\n<p>Christina Perri hat Scheidung von Ehemann eingereicht<\/p>\n<p>04.11.2025 &#8211; 23:42 UhrLesedauer: 2 Min.<\/p>\n<p><a href=\"#focus-0\" class=\"transition-colors duration-200 block text-current relative\" data-sctrack=\"FocusGalleryImage.Reference\"><img fetchpriority=\"high\" data-testid=\"Opener.Image\" style=\"--lqipURL:url('https:\/\/images.t-online.de\/2025\/11\/c8TCz8oj5Fjz\/271x309:2227x1253\/fit-in\/150x0\/filters:blur(25)\/christina-perri-die-ehe-der-saengerin-ist-zerbrochen.jpg')\"   loading=\"eager\" src=\"https:\/\/www.europesays.com\/de\/wp-content\/uploads\/2025\/11\/christina-perri-die-ehe-der-saengerin-ist-zerbrochen.jpg\" alt=\"Christina Perri: Die Ehe der S\u00e4ngerin ist zerbrochen.\" title=\"Christina Perri: Die Ehe der S\u00e4ngerin ist zerbrochen.\" width=\"2227\" height=\"1253\" class=\"bg-[url:var(--lqipURL)] bg-cover bg-center flex h-full w-full max-w-full\" decoding=\"async\"\/><img style=\"--width:32;--height:32\" loading=\"lazy\" src=\"https:\/\/www.t-online.de\/s\/paper\/_next\/static\/media\/zoom-in.f7dae02f.svg\" alt=\"Vergr\u00f6\u00dfern des Bildes\" title=\"Vergr\u00f6\u00dfern des Bildes\" class=\"block h-[calc(var(--height)_\/_16_*_1rem)] w-[calc(var(--width)_\/_16_*_1rem)] max-w-none absolute bottom-8 right-8 rounded-4 bg-snow p-8\" decoding=\"async\"\/><\/a><\/p>\n<p>Christina Perri: Die Ehe der S\u00e4ngerin ist zerbrochen. (Quelle: IMAGO\/Greg Grudt)<\/p>\n<p class=\"font-bold text-18 leading-17\">Im Dezember h\u00e4tten sie ihren achten Hochzeitstag gefeiert. Kurz vorher wird nun das Ende der Ehe von Christina Perri und Paul Costabile bekannt.<\/p>\n<p class=\"text-18 leading-17\">15 Jahre ist es her, als Christina Perris Song &#8222;Jar of Hearts&#8220; in der US-Show &#8222;So You Think You Can Dance&#8220; gespielt wurde und sie in die Charts bef\u00f6rderte. Ihren gr\u00f6\u00dften internationalen Erfolg feierte die S\u00e4ngerin dann 2011 mit &#8222;A Thousand Years&#8220;, den sie zu dem &#8222;Twilight&#8220;-Film &#8222;Breaking Dawn \u2013 Biss zum Ende der Nacht&#8220; zusteuerte.<\/p>\n<p class=\"text-18 leading-17\">&#8222;Ich habe dich tausend Jahre lang geliebt und ich werde dich noch tausend weitere lieben&#8220;, singt Christina Perri darin. Ihre Ehe sollte allerdings nicht f\u00fcr die Ewigkeit sein. Am Montag reichte die 39-J\u00e4hrige die Scheidung von dem Comedian und Moderator Paul Costabile ein.<\/p>\n<p class=\"text-18 leading-17\">Als Grund nannte Christina Perri &#8222;un\u00fcberbr\u00fcckbare Differenzen&#8220;, wie die Magazine &#8222;People&#8220; und &#8222;TMZ&#8220; \u00fcbereinstimmend aus den in den <a class=\"transition-colors duration-200 cursor-pointer text-inherit no-underline text-salemsfur md:hover:text-magenta md:hover:border-magenta md:focus:text-magenta border-current border-b border-solid break-words\" href=\"https:\/\/www.t-online.de\/themen\/usa\/\" data-sctrack=\"BodyAnchor\" rel=\"nofollow noopener\" target=\"_blank\">USA<\/a> \u00f6ffentlich einsehbaren Dokumenten zitieren. Als Trennungsdatum gab die S\u00e4ngerin den 3. November an \u2013 wenige Wochen vor ihrem achten Hochzeitstag.<\/p>\n<p class=\"text-18 leading-17\">Am 12. Dezember 2017 hatten sich Christina Perri und Paul Costabile das Jawort gegeben. Rund einen Monat sp\u00e4ter wurde ihre erste gemeinsame Tochter Carmella geboren. Danach musste das Paar jedoch zwei schwere Schicksalsschl\u00e4ge verkraften. Im Januar 2020 machte Christina Perri publik, dass sie eine Fehlgeburt in der elften Schwangerschaftswoche erlitten habe.<\/p>\n<p class=\"text-18 leading-17\">Im Juli verk\u00fcndete sie \u00fcbergl\u00fccklich, erneut Nachwuchs zu erwarten. Doch auch dieses Baby schaffte es nicht. &#8222;In der vergangenen Nacht haben wir unser kleines M\u00e4dchen verloren. Sie wurde tot geboren&#8220;, teilte die Musikerin ihren Fans damals bei Instagram mit, nachdem sie ihre Tochter in der 33. Woche bei einer sogenannten Stillgeburt zur Welt bringen musste.<\/p>\n<p class=\"text-18 leading-17\">Danach zog sich Christina Perri f\u00fcr eine Weile zur\u00fcck, um gemeinsam mit ihrer Familie zu heilen und sich auf die Musik zu konzentrieren, wie sie erkl\u00e4rte. Rund zweieinhalb sp\u00e4ter verk\u00fcndete sie die Geburt ihrer Tochter Pixie Rose, die Ende Oktober ihren dritten Geburtstag feierte.<\/p>\n","protected":false},"excerpt":{"rendered":"Kurz vor achtem Hochzeitstag Christina Perri hat Scheidung von Ehemann eingereicht 04.11.2025 &#8211; 23:42 UhrLesedauer: 2 Min. Christina&hellip;\n","protected":false},"author":2,"featured_media":551522,"comment_status":"","ping_status":"","sticky":false,"template":"","format":"standard","meta":{"footnotes":""},"categories":[155],"tags":[133976,133978,29,214,30,7621,133977,1718,215],"class_list":{"0":"post-551521","1":"post","2":"type-post","3":"status-publish","4":"format-standard","5":"has-post-thumbnail","7":"category-unterhaltung","8":"tag-christina-perri","9":"tag-christina-perris","10":"tag-deutschland","11":"tag-entertainment","12":"tag-germany","13":"tag-hochzeitstag","14":"tag-paul-costabile","15":"tag-scheidung","16":"tag-unterhaltung"},"share_on_mastodon":{"url":"https:\/\/pubeurope.com\/@de\/115494193631556602","error":""},"_links":{"self":[{"href":"https:\/\/www.europesays.com\/de\/wp-json\/wp\/v2\/posts\/551521","targetHints":{"allow":["GET"]}}],"collection":[{"href":"https:\/\/www.europesays.com\/de\/wp-json\/wp\/v2\/posts"}],"about":[{"href":"https:\/\/www.europesays.com\/de\/wp-json\/wp\/v2\/types\/post"}],"author":[{"embeddable":true,"href":"https:\/\/www.europesays.com\/de\/wp-json\/wp\/v2\/users\/2"}],"replies":[{"embeddable":true,"href":"https:\/\/www.europesays.com\/de\/wp-json\/wp\/v2\/comments?post=551521"}],"version-history":[{"count":0,"href":"https:\/\/www.europesays.com\/de\/wp-json\/wp\/v2\/posts\/551521\/revisions"}],"wp:featuredmedia":[{"embeddable":true,"href":"https:\/\/www.europesays.com\/de\/wp-json\/wp\/v2\/media\/551522"}],"wp:attachment":[{"href":"https:\/\/www.europesays.com\/de\/wp-json\/wp\/v2\/media?parent=551521"}],"wp:term":[{"taxonomy":"category","embeddable":true,"href":"https:\/\/www.europesays.com\/de\/wp-json\/wp\/v2\/categories?post=551521"},{"taxonomy":"post_tag","embeddable":true,"href":"https:\/\/www.europesays.com\/de\/wp-json\/wp\/v2\/tags?post=551521"}],"curies":[{"name":"wp","href":"https:\/\/api.w.org\/{rel}","templated":true}]}}