{"id":551525,"date":"2025-11-05T00:12:18","date_gmt":"2025-11-05T00:12:18","guid":{"rendered":"https:\/\/www.europesays.com\/de\/551525\/"},"modified":"2025-11-05T00:12:18","modified_gmt":"2025-11-05T00:12:18","slug":"kraeftige-abgaben-us-anleger-zweifeln-zunehmend-am-tech-sektor","status":"publish","type":"post","link":"https:\/\/www.europesays.com\/de\/551525\/","title":{"rendered":"Kr\u00e4ftige Abgaben: US-Anleger zweifeln zunehmend am Tech-Sektor"},"content":{"rendered":"<p>                    Kr\u00e4ftige Abgaben<br \/>\n                US-Anleger zweifeln zunehmend am Tech-Sektor <\/p>\n<p>\t\t\t\t              04.11.2025, 23:07 Uhr<\/p>\n<p>\t\t\t\t\t       Artikel anh\u00f6ren<\/p>\n<p>\t\t\t\t\t\t\tDiese Audioversion wurde k\u00fcnstlich generiert. <a href=\"https:\/\/www.n-tv.de\/23249898\" target=\"_blank\" rel=\"noopener\">Mehr Infos<\/a><\/p>\n<p><strong>Werden sich die massiven Investitionen in KI auszahlen? An der Wall Street w\u00e4chst die Skepsis. Auch der k\u00fcnftige Kurs der Fed sorgt f\u00fcr Verunsicherung. Darunter leiden vor allem Tech-Werte. <\/strong><\/p>\n<p>Zweifel an der Nachhaltigkeit der hohen Aktienkurse im Technologiesektor belasten die Wall Street. Der<b> Dow-Jones-Index <\/b>der Standardwerte b\u00fc\u00dfte am Dienstag 0,5 Prozent auf 47.085 Punkte ein. Der b<b>reiter gefasste S&amp;P 500<\/b> gab 1,2 Prozent auf 6771 Z\u00e4hler nach. Der Index der Technologieb\u00f6rse <b>Nasdaq <\/b>br\u00f6ckelte um zwei Prozent auf 23.349 Stellen ab. <\/p>\n<p>  <a title=\"NASDAQ COMP.\" href=\"https:\/\/www.n-tv.de\/boersenkurse\/indizes\/nasdaq comp-XC0009694271\" target=\"_blank\" rel=\"noopener\">  <img decoding=\"async\" src=\"https:\/\/www.europesays.com\/de\/wp-content\/uploads\/2025\/11\/1762301536_948_chartNG.gfn\" alt=\"Nasdaq Composite\" class=\"space__strech lazyload\"\/>    <strong>Nasdaq Composite<\/strong>  23.348,64  <\/a>  <\/p>\n<p> B\u00f6rsianer fragen sich zunehmend, ob die massiven KI-Investitionen der gro\u00dfen Techkonzerne angemessene Renditen abwerfen werden. F\u00fcr schlechte Stimmung sorgten in diesem Zusammenhang Aussagen der Konzernchefs von Morgan Stanley und Goldman Sachs, wonach die Aktienm\u00e4rkte vor einer Korrektur von rund zehn bis 15 Prozent stehen k\u00f6nnten. &#8222;Immer wenn die Kurse auf derart hohe Niveaus steigen, kann schon eine Kleinigkeit die Stimmung drehen&#8220;, kommentierte Charlie Ripley, Stratege bei Allianz Investment Management. &#8222;Anleger suchen dann nach anekdotischen Belegen daf\u00fcr, warum sie ihre Risikopositionen reduzieren sollten.&#8220; <\/p>\n<p>Kasse machten Investoren etwa beim Datenspezialisten <b>Palantir<\/b>: Trotz einer \u00fcberraschend starken Umsatzprognose verbilligte sich die Aktie um 8,6 Prozent. Der Markt sei nach starken Zahlen der Technologiekonzerne &#8222;eine Zeit lang zu Recht gestiegen&#8220;, sagte Keith Buchanan vom Verm\u00f6gensverwalter Globalt. Aber irgendwann sei eine Risikoaversion eingetreten, &#8222;selbst bei geringsten Entt\u00e4uschungen.&#8220; <\/p>\n<p>  <a title=\"BITCOIN \/ US DOLLAR\" href=\"https:\/\/www.n-tv.de\/boersenkurse\/devisen\/btc-usd-41665617\" target=\"_blank\" rel=\"noopener\">  <img decoding=\"async\" src=\"https:\/\/www.europesays.com\/de\/wp-content\/uploads\/2025\/11\/1762301537_103_chartNG.gfn\" alt=\"Bitcoin\" class=\"space__strech lazyload\"\/>    <strong>Bitcoin<\/strong>  101.128,75  <\/a>  <\/p>\n<p> H\u00e4ndler verwiesen zudem auf den anhaltenden Handelskonflikt zwischen den USA und China sowie nachlassende Wetten auf eine weitere Zinssenkung der US-Notenbank Fed. Fed-Chef Jerome Powell hatte angesichts der weiterhin hohen Inflation bereits vorsichtige T\u00f6ne angeschlagen. &#8222;Und diese Vorsicht scheint nun bei den Anlegern angekommen zu sein&#8220;, kommentierte IG-Analyst Christian Henke. Divergierende Ansichten von Fed-Vertretern verunsicherten Investoren weiter. &#8222;Ich kann mich nicht erinnern, dass es in all den Jahren, in denen ich diese M\u00e4rkte beobachte, jemals eine so gro\u00dfe \u00f6ffentliche Meinungsverschiedenheit unter den Fed-Politikern \u00fcber die politischen Aussichten gegeben hat&#8220;, sagte Shaun Osborne, Stratege bei der Scotiabank. <\/p>\n<p>Zins- und Konjunktursorgen dr\u00fcckten auch den Kryptomarkt. Der <b>Bitcoin<\/b> rutschte um 5,9 Prozent ab auf 100.512 Dollar. &#8222;Nach Monaten des Optimismus ist der Markt nun endg\u00fcltig in den Realit\u00e4tsmodus zur\u00fcckgekehrt&#8220;, kommentierte Timo Emden vom Analysehaus Emden Research.<\/p>\n<p>Tesla unter Druck<\/p>\n<p>Auf die Stimmung dr\u00fcckte auch eine Reihe uneinheitlicher Konzernbilanzen. Unter Druck nach negativ aufgenommenen Ergebnissen und Prognosen gerieten etwa <b>Uber <\/b>mit minus f\u00fcnf Prozent und <b>Shopify <\/b>mit minus 6,9 Prozent. <\/p>\n<p>  <a title=\"TESLA INC. REGISTERED SHARES DL-,001\" href=\"https:\/\/www.n-tv.de\/boersenkurse\/aktien\/tesla inc dl -001-US88160R1014\" target=\"_blank\" rel=\"noopener\">  <img decoding=\"async\" src=\"https:\/\/www.europesays.com\/de\/wp-content\/uploads\/2025\/11\/1762301538_23_chartNG.gfn\" alt=\"Tesla\" class=\"space__strech lazyload\"\/>    <strong>Tesla<\/strong>  385,70  <\/a>  <\/p>\n<p> Aus den Depots flogen auch die Titel von <b>Tesla<\/b>, die um 5,2 Prozent nachgaben. Der norwegische Staatsfonds lehnt als siebtgr\u00f6\u00dfter Eigner des Elektroautobauers das geplante billionenschwere Verg\u00fctungspaket f\u00fcr Konzernchef Elon Musk ab.<\/p>\n<p>F\u00fcr Gespr\u00e4chsstoff sorgte zudem <b>Sarepta Therapeutics<\/b>. Die Papiere des Pharmakonzerns brachen nach den negativen Ergebnissen einer Medikamentenstudie um mehr als 33 Prozent ein. <\/p>\n<p>Anleger griffen hingegen beherzt bei <b>Metsera<\/b> zu. Im \u00dcbernahmekampf um das auf Adipositas-Medikamente spezialisierte Biotech-Unternehmen haben die Bieter Novo Nordisk und Pfizer ihre Offerten erh\u00f6ht. Die Metsera-Aktie schnellte nach der Ank\u00fcndigung um 20 Prozent nach oben. Nach oben ging es auch f\u00fcr die KFC-Mutter <b>Yum Brands<\/b> und die Hotelkette<b> Marriott<\/b>, die nach Zahlen um 7,3 und 3,2 Prozent zulegten. <\/p>\n<p><a href=\"https:\/\/www.n-tv.de\/wirtschaft\/der_boersen_tag\/Der-Boersen-Tag-Dienstag-4-November-2025-article26138802.html\" rel=\"Follow noopener\" target=\"_self\">Mehr zum heutigen B\u00f6rsengeschehen lesen Sie hier.<\/a><\/p>\n","protected":false},"excerpt":{"rendered":"Kr\u00e4ftige Abgaben US-Anleger zweifeln zunehmend am Tech-Sektor 04.11.2025, 23:07 Uhr Artikel anh\u00f6ren Diese Audioversion wurde k\u00fcnstlich generiert. Mehr&hellip;\n","protected":false},"author":2,"featured_media":551526,"comment_status":"","ping_status":"","sticky":false,"template":"","format":"standard","meta":{"footnotes":""},"categories":[134],"tags":[11713,1383,175,170,169,29,7126,30,171,174,173,172,6888,55],"class_list":{"0":"post-551525","1":"post","2":"type-post","3":"status-publish","4":"format-standard","5":"has-post-thumbnail","7":"category-unternehmen-maerkte","8":"tag-aktienhandel","9":"tag-aktienkurse","10":"tag-business","11":"tag-companies","12":"tag-companies-markets","13":"tag-deutschland","14":"tag-dow-jones","15":"tag-germany","16":"tag-markets","17":"tag-maerkte","18":"tag-unternehmen","19":"tag-unternehmen-maerkte","20":"tag-wall-street","21":"tag-wirtschaft"},"share_on_mastodon":{"url":"https:\/\/pubeurope.com\/@de\/115494201493164851","error":""},"_links":{"self":[{"href":"https:\/\/www.europesays.com\/de\/wp-json\/wp\/v2\/posts\/551525","targetHints":{"allow":["GET"]}}],"collection":[{"href":"https:\/\/www.europesays.com\/de\/wp-json\/wp\/v2\/posts"}],"about":[{"href":"https:\/\/www.europesays.com\/de\/wp-json\/wp\/v2\/types\/post"}],"author":[{"embeddable":true,"href":"https:\/\/www.europesays.com\/de\/wp-json\/wp\/v2\/users\/2"}],"replies":[{"embeddable":true,"href":"https:\/\/www.europesays.com\/de\/wp-json\/wp\/v2\/comments?post=551525"}],"version-history":[{"count":0,"href":"https:\/\/www.europesays.com\/de\/wp-json\/wp\/v2\/posts\/551525\/revisions"}],"wp:featuredmedia":[{"embeddable":true,"href":"https:\/\/www.europesays.com\/de\/wp-json\/wp\/v2\/media\/551526"}],"wp:attachment":[{"href":"https:\/\/www.europesays.com\/de\/wp-json\/wp\/v2\/media?parent=551525"}],"wp:term":[{"taxonomy":"category","embeddable":true,"href":"https:\/\/www.europesays.com\/de\/wp-json\/wp\/v2\/categories?post=551525"},{"taxonomy":"post_tag","embeddable":true,"href":"https:\/\/www.europesays.com\/de\/wp-json\/wp\/v2\/tags?post=551525"}],"curies":[{"name":"wp","href":"https:\/\/api.w.org\/{rel}","templated":true}]}}