{"id":551621,"date":"2025-11-05T01:05:15","date_gmt":"2025-11-05T01:05:15","guid":{"rendered":"https:\/\/www.europesays.com\/de\/551621\/"},"modified":"2025-11-05T01:05:15","modified_gmt":"2025-11-05T01:05:15","slug":"wetter-in-duesseldorf-zum-start-der-gluehwein-saison-wie-kalt-wird-es","status":"publish","type":"post","link":"https:\/\/www.europesays.com\/de\/551621\/","title":{"rendered":"Wetter in D\u00fcsseldorf zum Start der Gl\u00fchwein-Saison: Wie kalt wird es?"},"content":{"rendered":"<p data-p-count=\"1\">Gl\u00fchwein-Fans lieben es: Drau\u00dfen fies kalt, die H\u00e4nde pochend warm an der Keramik-Tasse, der feuchtfr\u00f6hliche Geruch von s\u00fc\u00dfem Gl\u00fchwein in der Nase und ein paar k\u00fchle Schwei\u00dfperlen im Nacken &#8211; so geht Winter-Wonderland! Die schlechte Nachricht: Zum Start der Saison k\u00f6nnt ihr euch die K\u00fchle abschminken. Die gute Nachricht: Regen und fieses Wetter ebenso!<\/p>\n<p data-p-count=\"2\">Denn nach den verregneten Tagen der letzten Wochen, macht das wehleidige Herbstwetter Anfang November eine wohlverdiente Pause und \u00f6ffnet die Pforten f\u00fcr einen lange abstinenten Stern am Himmel: Die Sonne! Tats\u00e4chlich soll es zum <a href=\"https:\/\/www.tonight.de\/events\/glueh-dich-gluecklich-duesseldorf-gluehwein-und-elektronische-musik-kasematten-alle-termine-und-infos_143506.html\" target=\"_blank\" rel=\"false noopener\">Gl\u00fchwein-Kickoff am Donnerstag<\/a> laut DWD in einigen Teilen von <a href=\"https:\/\/www.tonight.de\/nrw\" data-internallinksmanager029f6b8e52c=\"49\" title=\"NRW\" target=\"_blank\" rel=\"noopener\">NRW<\/a> stolze 19 Grad und trocken werden &#8211; f\u00fcr <a href=\"https:\/\/www.tonight.de\/duesseldorf\" data-internallinksmanager029f6b8e52c=\"44\" title=\"D\u00fcsseldorf News\" target=\"_blank\" rel=\"noopener\">D\u00fcsseldorf<\/a> sind tags\u00fcber 14 bis 16 Grad drin, in den Abendstunden 10 bis 12 Grad. Da k\u00f6nnen Handschuhe und Schal erstmal daheim bleiben &#8211; nur die Jacke darf etwas dicker ausfallen.<\/p>\n<p data-p-count=\"3\"><strong>Weiterlesen:<\/strong><a href=\"https:\/\/www.tonight.de\/feiern\/duesseldorf-diese-partys-solltet-ihr-diese-woche-nicht-verpassen_135305.html\" target=\"_blank\" rel=\"false noopener\">Diese Partys in D\u00fcsseldorf d\u00fcrft ihr diese Woche nicht verpassen!<\/a><\/p>\n<p>Schon gelesen?<\/p>\n<p>Wetter am Wochenende in D\u00fcsseldorf: Sunshine Gl\u00fchwein<\/p>\n<p data-p-count=\"4\">Noch bis Freitagabend ist dann von Niederschlag keine Spur auf den Wetterkarten zu sehen &#8211; so l\u00e4sst es sich auch gut in die Schlittschuh-Saison starten, denn <a href=\"https:\/\/www.tonight.de\/duesseldorf\/eisbahn-in-duesseldorf-winterwelt-koe-on-ice-termin-preis-infos-corneliusplatz_140886.html\" target=\"_blank\" rel=\"false noopener\">am Freitag \u00f6ffnet die \u201eK\u00f6 on Ice\u201c erstmals ihre Pforten<\/a>. Hier l\u00e4sst es sich auch abends gut bei einem k\u00fchlen Bierchen oder einem Wein in der F\u00fcchschen Alm aushalten.<\/p>\n<p>  <img decoding=\"async\" class=\"_brlbs-thumbnail\" src=\"https:\/\/www.europesays.com\/de\/wp-content\/uploads\/2025\/11\/1762304715_285_cb-instagram.png\" alt=\"Instagram\"\/>   <\/p>\n<p data-p-count=\"6\">Der eher ungenaue \u201e16-Tage-Trend\u201c besagt f\u00fcr D\u00fcsseldorf \u00fcbrigens bis einschlie\u00dflich Sonntag recht angenehmes Herbstwetter &#8211; unter die 10-Grad sollen die Temperaturen erst im Laufe der zweiten Novemberwoche fallen. Sp\u00e4testens dann schmeckt der Gl\u00fchwein dann garantiert doppelt so gut!<\/p>\n","protected":false},"excerpt":{"rendered":"Gl\u00fchwein-Fans lieben es: Drau\u00dfen fies kalt, die H\u00e4nde pochend warm an der Keramik-Tasse, der feuchtfr\u00f6hliche Geruch von s\u00fc\u00dfem&hellip;\n","protected":false},"author":2,"featured_media":551622,"comment_status":"","ping_status":"","sticky":false,"template":"","format":"standard","meta":{"footnotes":""},"categories":[1831],"tags":[3364,29,3405,30,1209,1481,1973],"class_list":{"0":"post-551621","1":"post","2":"type-post","3":"status-publish","4":"format-standard","5":"has-post-thumbnail","7":"category-duesseldorf","8":"tag-de","9":"tag-deutschland","10":"tag-duesseldorf","11":"tag-germany","12":"tag-nordrhein-westfalen","13":"tag-service","14":"tag-wetter"},"share_on_mastodon":{"url":"","error":""},"_links":{"self":[{"href":"https:\/\/www.europesays.com\/de\/wp-json\/wp\/v2\/posts\/551621","targetHints":{"allow":["GET"]}}],"collection":[{"href":"https:\/\/www.europesays.com\/de\/wp-json\/wp\/v2\/posts"}],"about":[{"href":"https:\/\/www.europesays.com\/de\/wp-json\/wp\/v2\/types\/post"}],"author":[{"embeddable":true,"href":"https:\/\/www.europesays.com\/de\/wp-json\/wp\/v2\/users\/2"}],"replies":[{"embeddable":true,"href":"https:\/\/www.europesays.com\/de\/wp-json\/wp\/v2\/comments?post=551621"}],"version-history":[{"count":0,"href":"https:\/\/www.europesays.com\/de\/wp-json\/wp\/v2\/posts\/551621\/revisions"}],"wp:featuredmedia":[{"embeddable":true,"href":"https:\/\/www.europesays.com\/de\/wp-json\/wp\/v2\/media\/551622"}],"wp:attachment":[{"href":"https:\/\/www.europesays.com\/de\/wp-json\/wp\/v2\/media?parent=551621"}],"wp:term":[{"taxonomy":"category","embeddable":true,"href":"https:\/\/www.europesays.com\/de\/wp-json\/wp\/v2\/categories?post=551621"},{"taxonomy":"post_tag","embeddable":true,"href":"https:\/\/www.europesays.com\/de\/wp-json\/wp\/v2\/tags?post=551621"}],"curies":[{"name":"wp","href":"https:\/\/api.w.org\/{rel}","templated":true}]}}