{"id":551667,"date":"2025-11-05T01:35:11","date_gmt":"2025-11-05T01:35:11","guid":{"rendered":"https:\/\/www.europesays.com\/de\/551667\/"},"modified":"2025-11-05T01:35:11","modified_gmt":"2025-11-05T01:35:11","slug":"abgang-von-11-bremst-telefonica-deutschland-weiter-aus","status":"publish","type":"post","link":"https:\/\/www.europesays.com\/de\/551667\/","title":{"rendered":"Abgang von 1&#038;1 bremst Telef\u00f3nica Deutschland weiter aus"},"content":{"rendered":"<ol class=\"a-toc__list\">\n<li class=\"a-toc__item&#10;          &#10;            a-toc__item--counter&#10;          &#10;            a-toc__item--current\">\n<p>              Abgang von 1&amp;1 bremst Telef\u00f3nica Deutschland weiter aus<\/p>\n<\/li>\n<\/ol>\n<p>    close notice<\/p>\n<p class=\"notice-banner__text a-u-mb-0\">\n      This article is also available in<br \/>\n        <a href=\"https:\/\/www.heise.de\/en\/news\/Departure-of-1-1-continues-to-slow-down-Telefonica-Deutschland-11056868.html\" class=\"notice-banner__link a-u-inline-link\" target=\"_blank\" rel=\"noopener\">English<\/a>.<\/p>\n<p>      It was translated with technical assistance and editorially reviewed before publication.\n    <\/p>\n<p class=\"notice-banner__link a-u-mb-0\">\n    Don\u2019t show this again.\n<\/p>\n<p>Telefonica Deutschland leidet weiter unter dem Verlust des Gro\u00dfkunden 1&amp;1. Im dritten Quartal 2025 sank der Umsatz trotz soliden Kerngesch\u00e4fts im Vergleich zum Vorjahreszeitraum um 6,6 Prozent, wie das Unternehmen am Dienstag in M\u00fcnchen mitgeteilt hat. Unterdessen schmiedet der spanische Mutterkonzern Zukunftspl\u00e4ne, die auch den deutschen Markt betreffen d\u00fcrften.<\/p>\n<p>        Weiterlesen nach der Anzeige<\/p>\n<p>Neben dem Umsatzr\u00fcckgang auf knapp zwei Milliarden Euro verzeichnet Telef\u00f3nica Deutschland auch beim bereinigten Betriebsergebnis (Ebitda) ein Minus von 9,5 Prozent auf 628 Millionen Euro. Das Unternehmen spricht dabei von &#8222;tempor\u00e4ren Effekten&#8220; der &#8222;weitgehend abgeschlossenen Kundenmigration im Partnergesch\u00e4ft&#8220;. <a href=\"https:\/\/www.heise.de\/news\/Mobilfunker-1-1-bekommt-National-Roaming-vom-Konkurrenten-Vodafone-9233121.html\" target=\"_blank\" rel=\"noopener\">Damit sind die rund zw\u00f6lf Millionen Kunden von 1&amp;1 gemeint, die nach Jahren im O2-Netz nun zu Vodafone umgezogen sind<\/a>.<\/p>\n<p>Nachfrage nach Smartphones sinkt<\/p>\n<p>Zus\u00e4tzlich wird das Ergebnis durch anhaltend sinkende Nachfrage nach neuen Smartphones belastet. Der Umsatz mit Mobilfunkhardware sank <a href=\"https:\/\/www.telefonica.de\/news\/corporate\/2025\/11\/geschaeftsergebnisse-des-3-quartals-2025-o2-telefonica-steigert-kundenzahl-und-treibt-netzausbau-in-deutschland-voran.html?cat=startseite\" rel=\"external noopener\" target=\"_blank\">den Angaben zufolge<\/a> im dritten Quartal um 5,5 Prozent. Hintergrund seien insbesondere l\u00e4ngere Austauschzyklen \u2013 die Kunden behalten ihre Handys l\u00e4nger, bevor sie sie ersetzen.<\/p>\n<p>Im Kerngesch\u00e4ft mit Netzdienstleistungen sieht sich Telef\u00f3nica Deutschland hingegen solide aufgestellt. Das Unternehmen weist ein Wachstum um 157.000 auf nunmehr 17,8 Millionen Mobilfunkvertr\u00e4ge aus. Die Zahl der Mobilfunkanschl\u00fcsse f\u00fcr das Internet of Things stieg um 202.000. Das Festnetzgesch\u00e4ft entwickelte sich langsamer und verzeichnet einen Nettozuwachs von 3.000 Anschl\u00fcssen.<\/p>\n<p>Telef\u00f3nica Deutschland tr\u00e4gt etwa ein F\u00fcnftel zum operativen Ergebnis der spanischen Mutter bei. Deren neuer Chef Marc Murta hatte am Dienstag auch eher durchwachsene Zahlen zu pr\u00e4sentieren. Der Quartalsumsatz der Gruppe ging um 1,6 Prozent auf knapp neun Milliarden Euro zur\u00fcck, das Ebitda um 1,5 Prozent auf gut drei Milliarden Euro.<\/p>\n<p>Neuausrichtung im Mutterkonzern<\/p>\n<p>        Weiterlesen nach der Anzeige<\/p>\n<p>Murta will dem Konzern wieder zu mehr Wachstum verhelfen und hat am Dienstag die Eckpunkte seiner Strategie &#8222;Transform &amp; Grow&#8220; vorgestellt. Er beschleunigt den unter seinem Vorg\u00e4nger Jos\u00e9 Mar\u00eda \u00c1lvarez-Pallete angesto\u00dfenen Ausstieg aus dem defizit\u00e4ren Gesch\u00e4ft in einigen lateinamerikanischen L\u00e4ndern. Telef\u00f3nica konzentriert sich auf den Heimatmarkt Spanien, die T\u00f6chter in Deutschland und Brasilien sowie das Joint Venture in Gro\u00dfbritannien.<\/p>\n<p>Damit ist die deutsche Tochter derzeit das Sorgenkind in der Gruppe. <a href=\"https:\/\/www.heise.de\/news\/Markus-Haas-muss-gehen-Telefonica-Deutschland-sucht-neuen-CEO-10733645.html\" target=\"_blank\" rel=\"noopener\">Die Spanier haben Anfang des Monats \u00fcberraschend Markus Haas, den CEO von Telef\u00f3nica Deutschland, gefeuert<\/a>. Derzeit verhandelten die Beteiligten \u00fcber die Aufl\u00f6sung des Vertrags, hie\u00df es am Dienstag aus Madrid. Auch die Suche nach einem Nachfolger laufe.<\/p>\n<p>Murta rechnet damit, dass Telef\u00f3nica Deutschland ab 2027 wieder w\u00e4chst. <a href=\"https:\/\/www.heise.de\/news\/Telefonica-Konzern-tauscht-Vorstandschef-aus-10248033.html\" target=\"_blank\" rel=\"noopener\">Der neue CEO, der nach dem Einstieg der spanischen Regierung installiert<\/a> worden ist, schlie\u00dft f\u00fcr seine Wachstumsstrategie auch \u00dcbernahmen nicht aus. Der europ\u00e4ische Markt m\u00fcsse sich weiter konsolidieren, damit die Unternehmen die n\u00f6tigen Investitionen stemmen k\u00f6nnen, sagte Murta am Dienstag in Madrid.<\/p>\n<p>\u00dcbernahme von 1&amp;1?<\/p>\n<p>\u00dcber konkrete Pl\u00e4ne f\u00fcr \u00dcbernahmen sagt der Telef\u00f3nica-Chef nichts, will sich bietende M\u00f6glichkeiten aber nutzen. &#8222;Sie k\u00f6nnen davon ausgehen, dass wir in jedem einzelnen Markt Gespr\u00e4che f\u00fchren&#8220;, sagt Murta \u2013 und k\u00fcrzt den Anlegern die Dividende f\u00fcr 2026 um die H\u00e4lfte auf 15 Cent pro Aktie, um Barreserven f\u00fcr eine \u00dcbernahme zu behalten.<\/p>\n<p>Insider halten Vodafone Spanien <a href=\"https:\/\/www.heise.de\/news\/Telefonica-erwaegt-Neubelebung-der-Beziehungen-zu-1-1-10778919.html\" target=\"_blank\" rel=\"noopener\">und die deutsche 1&amp;1 f\u00fcr m\u00f6gliche Kandidaten<\/a>. Fragen nach Pl\u00e4nen f\u00fcr eine \u00dcbernahme von 1&amp;1 wollten Murta und sein COO Emilio Gayo nicht beantworten. Auch 1&amp;1 kommentiert die Spekulationen nicht.<\/p>\n<p>Insgesamt reagierten Anleger eher entt\u00e4uscht, der Kurs der Telef\u00f3nica-Aktie gab am Dienstag rund zw\u00f6lf Prozent nach. Murtas blieb bei der Vorstellung seiner neuen Strategie Details schuldig, wie er das angepeilte Wachstum erreichen will.<\/p>\n<p>(<a class=\"redakteurskuerzel__link\" href=\"https:\/\/www.heise.de\/news\/mailto:vbr@heise.de\" title=\"Volker Briegleb\" target=\"_blank\" rel=\"noopener\">vbr<\/a>)<\/p>\n<p>\n      Dieser Link ist leider nicht mehr g\u00fcltig.\n    <\/p>\n<p>Links zu verschenkten Artikeln werden ung\u00fcltig,<br \/>\n      wenn diese \u00e4lter als 7\u00a0Tage sind oder zu oft aufgerufen wurden.\n    <\/p>\n<p><strong>Sie ben\u00f6tigen ein heise+ Paket, um diesen Artikel zu lesen. Jetzt eine Woche unverbindlich testen \u2013 ohne Verpflichtung!<\/strong><\/p>\n","protected":false},"excerpt":{"rendered":"Abgang von 1&amp;1 bremst Telef\u00f3nica Deutschland weiter aus close notice This article is also available in English. It&hellip;\n","protected":false},"author":2,"featured_media":551668,"comment_status":"","ping_status":"","sticky":false,"template":"","format":"standard","meta":{"footnotes":""},"categories":[134],"tags":[15639,175,170,169,29,30,171,174,30335,85622,58500,88464,173,172,55],"class_list":{"0":"post-551667","1":"post","2":"type-post","3":"status-publish","4":"format-standard","5":"has-post-thumbnail","7":"category-unternehmen-maerkte","8":"tag-15639","9":"tag-business","10":"tag-companies","11":"tag-companies-markets","12":"tag-deutschland","13":"tag-germany","14":"tag-markets","15":"tag-maerkte","16":"tag-netze","17":"tag-provider","18":"tag-telefonica","19":"tag-telefonica-deutschland","20":"tag-unternehmen","21":"tag-unternehmen-maerkte","22":"tag-wirtschaft"},"share_on_mastodon":{"url":"https:\/\/pubeurope.com\/@de\/115494527015384219","error":""},"_links":{"self":[{"href":"https:\/\/www.europesays.com\/de\/wp-json\/wp\/v2\/posts\/551667","targetHints":{"allow":["GET"]}}],"collection":[{"href":"https:\/\/www.europesays.com\/de\/wp-json\/wp\/v2\/posts"}],"about":[{"href":"https:\/\/www.europesays.com\/de\/wp-json\/wp\/v2\/types\/post"}],"author":[{"embeddable":true,"href":"https:\/\/www.europesays.com\/de\/wp-json\/wp\/v2\/users\/2"}],"replies":[{"embeddable":true,"href":"https:\/\/www.europesays.com\/de\/wp-json\/wp\/v2\/comments?post=551667"}],"version-history":[{"count":0,"href":"https:\/\/www.europesays.com\/de\/wp-json\/wp\/v2\/posts\/551667\/revisions"}],"wp:featuredmedia":[{"embeddable":true,"href":"https:\/\/www.europesays.com\/de\/wp-json\/wp\/v2\/media\/551668"}],"wp:attachment":[{"href":"https:\/\/www.europesays.com\/de\/wp-json\/wp\/v2\/media?parent=551667"}],"wp:term":[{"taxonomy":"category","embeddable":true,"href":"https:\/\/www.europesays.com\/de\/wp-json\/wp\/v2\/categories?post=551667"},{"taxonomy":"post_tag","embeddable":true,"href":"https:\/\/www.europesays.com\/de\/wp-json\/wp\/v2\/tags?post=551667"}],"curies":[{"name":"wp","href":"https:\/\/api.w.org\/{rel}","templated":true}]}}