{"id":551715,"date":"2025-11-05T02:01:21","date_gmt":"2025-11-05T02:01:21","guid":{"rendered":"https:\/\/www.europesays.com\/de\/551715\/"},"modified":"2025-11-05T02:01:21","modified_gmt":"2025-11-05T02:01:21","slug":"usa-mehrere-tote-bei-flugzeugabsturz-in-kentucky-panorama","status":"publish","type":"post","link":"https:\/\/www.europesays.com\/de\/551715\/","title":{"rendered":"USA: Mehrere Tote bei Flugzeugabsturz in Kentucky &#8211; Panorama"},"content":{"rendered":"<p data-manual=\"paragraph\" data-schema-org-speakable=\"true\" class=\"css-1eosz7k\">Nach dem Absturz eines Frachtflugzeugs im US-Bundesstaat Kentucky gehen die Beh\u00f6rden von mindestens drei Toten aus. Diese Zahl d\u00fcrfte noch steigen, sagte der Gouverneur des US-Bundesstaats Kentucky, Andy Beshear. Es gebe mindestens elf Verletzte, einige davon h\u00e4tten sehr schwere Verletzungen erlitten. Die Ursache des Absturzes war zun\u00e4chst unklar.<\/p>\n<p data-manual=\"paragraph\" data-schema-org-speakable=\"true\" class=\"css-1eosz7k\">Nach Angaben der Bundesluftfahrtbeh\u00f6rde (FAA) war die Maschine gegen 17.15 Uhr (Ortszeit) vom Louisville Muhammad Ali International Airport abgehoben. Aufnahmen vom Ungl\u00fccksort zeigen, dass sie unweit der Startbahn abst\u00fcrzte und in einem Feuerball aufging. Da die Maschine kurz zuvor abgehoben war und einen langen Flug vor sich hatte, ist davon auszugehen, dass sie wahrscheinlich voll betankt war. Das US-Logistikunternehmen UPS teilte mit, an Bord des firmeneigenen Frachtflugzeugs seien drei Besatzungsmitglieder gewesen.<\/p>\n<p data-manual=\"paragraph\" data-schema-org-speakable=\"true\" class=\"css-1eosz7k\">Das Langstreckenflugzeug war laut FAA auf dem Weg zu einem Flughafen in Honolulu auf der US-Inselgruppe Hawaii. Aufnahmen vom Ungl\u00fccksort zeigen eine riesige Flammenwand, \u00fcber der Rauchs\u00e4ulen aufsteigen. Den Beh\u00f6rdenangaben zufolge war die Absturzstelle im Umfeld einer Recycling- sowie einer Autoteile-Firma. Es ist unklar, wie viele Mitarbeiter oder Kunden sich zum Zeitpunkt des Aufpralls auf dem Gel\u00e4nde befanden.<\/p>\n<p data-manual=\"paragraph\" data-schema-org-speakable=\"true\" class=\"css-1eosz7k\">Der Flughafen wurde nach dem Vorfall geschlossen. Fl\u00fcge nach Louisville und Abfl\u00fcge seien vor\u00fcbergehend ausgesetzt, hie\u00df es seitens des Flughafenbetreibers. Die Polizei verh\u00e4ngte f\u00fcr Teile des Gebiets eine Ausgangssperre. Der demokratische Gouverneur von Kentucky, Andy Beshear, schrieb auf der Plattform X: \u201eDie Lage ist ernst.\u201c Er sei auf dem Weg nach Louisville.<\/p>\n","protected":false},"excerpt":{"rendered":"Nach dem Absturz eines Frachtflugzeugs im US-Bundesstaat Kentucky gehen die Beh\u00f6rden von mindestens drei Toten aus. Diese Zahl&hellip;\n","protected":false},"author":2,"featured_media":551716,"comment_status":"","ping_status":"","sticky":false,"template":"","format":"standard","meta":{"footnotes":""},"categories":[3977],"tags":[331,332,147,13,3109,1746,14,15,1974,12,149,4017,4018,4016,64,4019,4020],"class_list":{"0":"post-551715","1":"post","2":"type-post","3":"status-publish","4":"format-standard","5":"has-post-thumbnail","7":"category-usa","8":"tag-aktuelle-nachrichten","9":"tag-aktuelle-news","10":"tag-ausland","11":"tag-headlines","12":"tag-kentucky","13":"tag-luftfahrt","14":"tag-nachrichten","15":"tag-news","16":"tag-panorama","17":"tag-schlagzeilen","18":"tag-sueddeutsche-zeitung","19":"tag-united-states","20":"tag-united-states-of-america","21":"tag-us","22":"tag-usa","23":"tag-vereinigte-staaten","24":"tag-vereinigte-staaten-von-amerika"},"share_on_mastodon":{"url":"https:\/\/pubeurope.com\/@de\/115494629322880387","error":""},"_links":{"self":[{"href":"https:\/\/www.europesays.com\/de\/wp-json\/wp\/v2\/posts\/551715","targetHints":{"allow":["GET"]}}],"collection":[{"href":"https:\/\/www.europesays.com\/de\/wp-json\/wp\/v2\/posts"}],"about":[{"href":"https:\/\/www.europesays.com\/de\/wp-json\/wp\/v2\/types\/post"}],"author":[{"embeddable":true,"href":"https:\/\/www.europesays.com\/de\/wp-json\/wp\/v2\/users\/2"}],"replies":[{"embeddable":true,"href":"https:\/\/www.europesays.com\/de\/wp-json\/wp\/v2\/comments?post=551715"}],"version-history":[{"count":0,"href":"https:\/\/www.europesays.com\/de\/wp-json\/wp\/v2\/posts\/551715\/revisions"}],"wp:featuredmedia":[{"embeddable":true,"href":"https:\/\/www.europesays.com\/de\/wp-json\/wp\/v2\/media\/551716"}],"wp:attachment":[{"href":"https:\/\/www.europesays.com\/de\/wp-json\/wp\/v2\/media?parent=551715"}],"wp:term":[{"taxonomy":"category","embeddable":true,"href":"https:\/\/www.europesays.com\/de\/wp-json\/wp\/v2\/categories?post=551715"},{"taxonomy":"post_tag","embeddable":true,"href":"https:\/\/www.europesays.com\/de\/wp-json\/wp\/v2\/tags?post=551715"}],"curies":[{"name":"wp","href":"https:\/\/api.w.org\/{rel}","templated":true}]}}