{"id":551770,"date":"2025-11-05T02:30:35","date_gmt":"2025-11-05T02:30:35","guid":{"rendered":"https:\/\/www.europesays.com\/de\/551770\/"},"modified":"2025-11-05T02:30:35","modified_gmt":"2025-11-05T02:30:35","slug":"vor-spiel-gegen-vfb-stuttgart-feyenoord-fans-wollen-sich-im-schlossgarten-einstimmen-grosse-polizeipraesenz","status":"publish","type":"post","link":"https:\/\/www.europesays.com\/de\/551770\/","title":{"rendered":"Vor Spiel gegen VfB Stuttgart: Feyenoord-Fans wollen sich im Schlossgarten einstimmen \u2013 gro\u00dfe Polizeipr\u00e4senz"},"content":{"rendered":"<p>\t\t\t\t\t\t\t\t\t\t\t\t\t\t\t\t\t\t\t\t\t\t\t\t\t\t\t\t      \t\t            \t\t             \t\t\t\t   \t\t\t\t\t   <img decoding=\"async\" id=\"article-image\" fetchpriority=\"high\" alt=\"Vor Spiel gegen VfB Stuttgart: Feyenoord-Fans wollen sich im Schlossgarten einstimmen \u2013 gro\u00dfe Polizeipr\u00e4senz\" title=\"Vor Spiel gegen VfB Stuttgart: Feyenoord-Fans wollen sich im Schlossgarten einstimmen \u2013 gro\u00dfe Polizeipr\u00e4senz\" src=\"https:\/\/www.europesays.com\/de\/wp-content\/uploads\/2025\/11\/media.media.59526053-8682-4881-9321-64a71725f09a.16x9_700.jpg\" data-linkto=\"https:\/\/www.stuttgarter-nachrichten.de\/javascript:void(0);\"\/>\t\t\t\t\t\t\t\t\t\t\t\t\t\t\t\t\t\t\t\t\t\t\t\tZahlreiche Fans aus den Niederlanden werden in Stuttgart erwartet.\u00a0Foto: IMAGO\/DeFodi Images\t\t\t<\/p>\n<p>Rund 3500 Fans aus den Niederlanden werden am Donnerstag in Stuttgart erwartet. Viele von ihnen werden sich im Schlossgarten treffen. Mit DJs und gro\u00dfer Polizeipr\u00e4senz.<\/p>\n<p>Das Wetter zeigt sich in dieser Woche in <a href=\"https:\/\/www.stuttgarter-nachrichten.de\/stuttgart\" target=\"_blank\" rel=\"nofollow noopener\">Stuttgart<\/a> von seiner sch\u00f6nsten Herbstseite. Blauer Himmel, buntes Laub, noch einmal milde Mittagstemperaturen. Das lockt viele Menschen ins Freie. <\/p>\n<p>Deshalb hat <a href=\"https:\/\/www.stuttgarter-nachrichten.de\/thema\/Sonja_Merz\" target=\"_blank\" rel=\"nofollow noopener\">Sonja Merz <\/a>ihren <a href=\"https:\/\/www.stuttgarter-nachrichten.de\/thema\/Biergarten\" title=\"Biergarten\" class=\"art_thema\" rel=\"nofollow noopener\" target=\"_blank\">Biergarten<\/a> im Schlossgarten ge\u00f6ffnet. \u201eSo zwischen 12 und 17 Uhr ist es wirklich angenehm\u201c, sagt sie. Und erwartet am Donnerstag ganz besonders viele G\u00e4ste. Denn dann ist der Biergarten der offizielle Fan Meeting Point, also der Treffpunkt, f\u00fcr die Anh\u00e4nger von Feyenoord Rotterdam. Der niederl\u00e4ndische Fu\u00dfballverein spielt am Donnerstagabend um 21 Uhr in der <a href=\"https:\/\/www.stuttgarter-nachrichten.de\/thema\/MHP_Arena\" target=\"_blank\" rel=\"nofollow noopener\">MHP-Arena<\/a> in <a href=\"https:\/\/www.stuttgarter-nachrichten.de\/stuttgart\/bad-cannstatt\" target=\"_blank\" rel=\"nofollow noopener\">Bad Cannstatt <\/a>gegen den <a href=\"https:\/\/www.stuttgarter-nachrichten.de\/vfb\" target=\"_blank\" rel=\"nofollow noopener\">VfB Stuttgart<\/a>. Erwartet werden 3300 G\u00e4stefans im Stadion, dazu wohl noch mehrere Hundert ohne Karten, die trotzdem nach <a href=\"https:\/\/www.stuttgarter-nachrichten.de\/thema\/Stuttgart\" title=\"Stuttgart\" class=\"art_thema\" rel=\"nofollow noopener\" target=\"_blank\">Stuttgart<\/a> kommen.<\/p>\n<p>Vor einigen Wochen haben deshalb erst Feyenoord, dann die Stadt Rotterdam Kontakt zu <a href=\"https:\/\/www.stuttgarter-nachrichten.de\/thema\/Sonja_Merz\" title=\"Sonja Merz\" class=\"art_thema\" rel=\"nofollow noopener\" target=\"_blank\">Sonja Merz<\/a> aufgenommen. Der Mittlere Schlossgarten hatte schon bei der Fu\u00dfball-EM im Sommer vergangenen Jahres als einer von zwei offiziellen Treffpunkten f\u00fcr die <a href=\"https:\/\/www.stuttgarter-nachrichten.de\/thema\/Fans\" target=\"_blank\" rel=\"nofollow noopener\">Fans<\/a> der beteiligten Mannschaften gedient. <a href=\"https:\/\/www.stuttgarter-nachrichten.de\/inhalt.fussball-em-in-stuttgart-daenen-trinken-das-bier-im-biergarten-von-sonja-merz-leer.3d6b40b6-7a83-479e-bed2-32ea2bd06074.html\" target=\"_blank\" rel=\"nofollow noopener\">Damals war es feucht-fr\u00f6hlich und \u00fcberwiegend friedlich<\/a> zugegangen. Vom Biergarten aus waren die Anh\u00e4nger dann in Richtung Stadion gezogen \u2013 zum Teil zu Fu\u00df in einem offiziellen Fanmarsch.<\/p>\n<p><img decoding=\"async\" class=\"meinvfbIcon\" src=\"https:\/\/www.stuttgarter-nachrichten.de\/media.media.0ea35dc3-cd0f-4f5f-9738-e5db772ac229.original.svg\"\/> <\/p>\n<p>So k\u00f6nnte es auch am Donnerstag kommen. \u201eAngek\u00fcndigt worden sind bei uns rund 1500 Leute, mal sehen, wie viele es tats\u00e4chlich werden\u201c, sagt die Biergarten-Chefin. Los gehen soll es gegen 11 oder 12 Uhr. Die Niederl\u00e4nder werden dabei nicht unvorbereitet sein: Sie bringen zwei eigene DJs mit. \u201eDie werden Musik und Stimmung machen, das finde ich gut\u201c, erz\u00e4hlt Sonja Merz.<\/p>\n<p>  <img decoding=\"async\" loading=\"lazy\" src=\"https:\/\/www.europesays.com\/de\/wp-content\/uploads\/2025\/11\/media.media.fc354958-e68e-4ebc-973e-c70cced57978.original1024.media.jpeg\"\/>     W\u00e4hrend der EM waren zahlreiche D\u00e4nen im Biergarten.    Foto: LICHTGUT\/Zophia Ewska    <\/p>\n<p> Gegen 17.30 Uhr sei dann geplant, dass der Gro\u00dfteil der Niederl\u00e4nder zum Stadion startet. Deshalb und wegen der frischen N\u00e4chte hat sie sich auch dagegen entschieden, die \u00dcbertragung des Spiels am Abend noch im Biergarten auf einer Leinwand zu zeigen. Die Fans ohne Karte d\u00fcrften deshalb in <a href=\"https:\/\/www.stuttgarter-nachrichten.de\/inhalt.vfb-stuttgart-in-der-europa-league-wer-uebertraegt-das-spiel-gegen-feyenoord-im-tv.c1fef019-454f-478d-a52b-f8bfa129ec06.html\" target=\"_blank\" rel=\"nofollow noopener\">Kneipen in der Innenstadt <\/a>weiterziehen.<\/p>\n<p>Weil Teile der Feyenoord-<a href=\"https:\/\/www.stuttgarter-nachrichten.de\/thema\/Fans\" target=\"_blank\" rel=\"nofollow noopener\">Fans<\/a> allerdings auch einen Ruf als Krawallmacher haben, wird die <a href=\"https:\/\/www.stuttgarter-nachrichten.de\/thema\/Polizei\" target=\"_blank\" rel=\"nofollow noopener\">Polizei<\/a> mit Hunderten Einsatzkr\u00e4ften in der Innenstadt pr\u00e4sent sein \u2013 <a href=\"https:\/\/www.stuttgarter-nachrichten.de\/inhalt.vfb-stuttgart-in-der-europa-league-hochrisikospiel-gegen-feyenoord-wie-sich-polizei-und-vfb-vorbereiten.af15c010-2e7c-4aa6-9d90-89ba1b55b696.html\" target=\"_blank\" rel=\"nofollow noopener\">das Spiel gilt als Hochrisikopartie<\/a>. Und das bereits am Mittwoch, weil unklar ist, wie viele Niederl\u00e4nder schon am Tag vor dem Spiel anreisen. Wie die Anh\u00e4nger am Donnerstag vom Biergarten ins Stadion kommen, steht laut einem Polizeisprecher noch nicht endg\u00fcltig fest. Denkbar ist ein Fanmarsch genauso wie ein Transport mit Bussen. Offenbar wollen aber auch viele mit der S-Bahn fahren \u2013 und dann vom Bahnhof Untert\u00fcrkheim aus zu Fu\u00df weiter zum G\u00e4stebereich im Stadion. Wie auch immer die Realit\u00e4t dann aussieht: \u201eWir sind vorbereitet\u201c, hei\u00dft es bei der <a href=\"https:\/\/www.stuttgarter-nachrichten.de\/thema\/Polizei\" title=\"Polizei\" class=\"art_thema\" rel=\"nofollow noopener\" target=\"_blank\">Polizei<\/a>. <\/p>\n","protected":false},"excerpt":{"rendered":"Zahlreiche Fans aus den Niederlanden werden in Stuttgart erwartet.\u00a0Foto: IMAGO\/DeFodi Images Rund 3500 Fans aus den Niederlanden werden&hellip;\n","protected":false},"author":2,"featured_media":551771,"comment_status":"","ping_status":"","sticky":false,"template":"","format":"standard","meta":{"footnotes":""},"categories":[1830],"tags":[4657,1634,3899,3364,29,89963,64783,30,41685,5170,121,67329,1441,2915],"class_list":{"0":"post-551770","1":"post","2":"type-post","3":"status-publish","4":"format-standard","5":"has-post-thumbnail","7":"category-stuttgart","8":"tag-stadtreporter","9":"tag-baden-wuerttemberg","10":"tag-biergarten","11":"tag-de","12":"tag-deutschland","13":"tag-fanmarsch","14":"tag-feyenoord-rotterdam","15":"tag-germany","16":"tag-hochrisikospiel","17":"tag-mhp-arena","18":"tag-polizei","19":"tag-sonja-merz","20":"tag-stuttgart","21":"tag-vfb-stuttgart"},"share_on_mastodon":{"url":"https:\/\/pubeurope.com\/@de\/115494744938851746","error":""},"_links":{"self":[{"href":"https:\/\/www.europesays.com\/de\/wp-json\/wp\/v2\/posts\/551770","targetHints":{"allow":["GET"]}}],"collection":[{"href":"https:\/\/www.europesays.com\/de\/wp-json\/wp\/v2\/posts"}],"about":[{"href":"https:\/\/www.europesays.com\/de\/wp-json\/wp\/v2\/types\/post"}],"author":[{"embeddable":true,"href":"https:\/\/www.europesays.com\/de\/wp-json\/wp\/v2\/users\/2"}],"replies":[{"embeddable":true,"href":"https:\/\/www.europesays.com\/de\/wp-json\/wp\/v2\/comments?post=551770"}],"version-history":[{"count":0,"href":"https:\/\/www.europesays.com\/de\/wp-json\/wp\/v2\/posts\/551770\/revisions"}],"wp:featuredmedia":[{"embeddable":true,"href":"https:\/\/www.europesays.com\/de\/wp-json\/wp\/v2\/media\/551771"}],"wp:attachment":[{"href":"https:\/\/www.europesays.com\/de\/wp-json\/wp\/v2\/media?parent=551770"}],"wp:term":[{"taxonomy":"category","embeddable":true,"href":"https:\/\/www.europesays.com\/de\/wp-json\/wp\/v2\/categories?post=551770"},{"taxonomy":"post_tag","embeddable":true,"href":"https:\/\/www.europesays.com\/de\/wp-json\/wp\/v2\/tags?post=551770"}],"curies":[{"name":"wp","href":"https:\/\/api.w.org\/{rel}","templated":true}]}}