{"id":551794,"date":"2025-11-05T02:43:11","date_gmt":"2025-11-05T02:43:11","guid":{"rendered":"https:\/\/www.europesays.com\/de\/551794\/"},"modified":"2025-11-05T02:43:11","modified_gmt":"2025-11-05T02:43:11","slug":"eurowings-nimmt-neue-langstreckverbindung-ab-berlin-auf","status":"publish","type":"post","link":"https:\/\/www.europesays.com\/de\/551794\/","title":{"rendered":"Eurowings nimmt neue Langstreckverbindung ab Berlin auf"},"content":{"rendered":"<p>Mit Abu Dhabi steht ab sofort ein neues attraktives Langstreckenziel im Flugplan ab BER. Eurowings fliegt die Metropole am Persischen Golf im Winterflugplan 2025\/2026 dreimal w\u00f6chentlich, jeweils montags, mittwochs und samstags, an. Die Flugzeuge starten am BER um 22.25 Uhr und landen planm\u00e4\u00dfig um 07.40 Uhr Ortszeit am Folgetag in den Vereinigten Arabischen Emiraten. In der Gegenrichtung heben die Flieger jeden Dienstag, Donnerstag und Sonntag um 11.10 Uhr ab und landen um 15.10 Uhr am BER. Die Flugzeit betr\u00e4gt rund sechs bis sieben Stunden, je nach Reiserichtung. Die neue Verbindung \u00f6ffnet Gesch\u00e4ftsreisenden und Touristen direkten und bequemen Zugang zu einer der dynamischsten Metropolen der Vereinigten Arabischen Emirate.<\/p>\n<p>Gleichzeitig baut Eurowings ihre Verbindung nach Dubai in den Vereinigten Arabischen Emiraten ebenfalls deutlich aus. Reisende k\u00f6nnen dabei zwischen zwei Zielflugh\u00e4fen w\u00e4hlen. Die Airline fliegt den zentral gelegenen Dubai International Airport (DXB) in diesem Winter t\u00e4glich an, w\u00e4hrend der Dubai World Central Airport (DWC) ab sofort viermal pro Woche, dienstags, donnerstags, freitags und sonntags, bedient wird. Zus\u00e4tzlich fliegt Eurowings zweimal w\u00f6chentlich, jeweils montags und freitags, nach Dschidda in Saudi-Arabien.<\/p>\n<p><strong>Weitere Winterziele ab BER mit Eurowings<\/strong><br \/>Wenn die Tage k\u00fcrzer und die N\u00e4chte l\u00e4nger werden, w\u00e4chst der Wunsch nach Sonne oder Schnee. Eurowings hat f\u00fcr beide Urlaubsw\u00fcnsche ein neues Flugangebot. Ab dem 09. November fliegt die Airline Sonnenliebhaber und Wasserenthusiasten einmal pro Woche, am Sonntag, nach Marsa Alam in \u00c4gypten. Schnee- und Wintersportbegeisterte k\u00f6nnen sich auf Kittil\u00e4 in Finnland freuen. Zwischen dem 31. Januar und 21. M\u00e4rz 2026 steht das Ziel im Norden Europas einmal pro Woche, jeden Samstag, im Flugplan ab BER.\u00a0<\/p>\n<p>(red \/ Berliner Flugh\u00e4fen)<\/p>\n","protected":false},"excerpt":{"rendered":"Mit Abu Dhabi steht ab sofort ein neues attraktives Langstreckenziel im Flugplan ab BER. Eurowings fliegt die Metropole&hellip;\n","protected":false},"author":2,"featured_media":551795,"comment_status":"","ping_status":"","sticky":false,"template":"","format":"standard","meta":{"footnotes":""},"categories":[1825],"tags":[296,29,10726,10729,10731,7486,844,10733,30,1746,10727,10728,10732,10721,6760,2877,10730,10725,10724,1079,10720,10723,10722,1163],"class_list":{"0":"post-551794","1":"post","2":"type-post","3":"status-publish","4":"format-standard","5":"has-post-thumbnail","7":"category-berlin","8":"tag-berlin","9":"tag-deutschland","10":"tag-fachjournalismus","11":"tag-fachmagazin-zum-thema-luftfahrt","12":"tag-fachmedium","13":"tag-fliegen","14":"tag-flugverkehr","15":"tag-flugzeitschrift","16":"tag-germany","17":"tag-luftfahrt","18":"tag-luftfahrtjournalismus","19":"tag-luftfahrtmagazin","20":"tag-luftfahrtmedium","21":"tag-luftfahrtvideos","22":"tag-luftverkehr","23":"tag-magazin","24":"tag-medium","25":"tag-planespotter-journalismus","26":"tag-planespotting","27":"tag-reisen","28":"tag-reportagen","29":"tag-spotten","30":"tag-spotter","31":"tag-tourismus"},"share_on_mastodon":{"url":"https:\/\/pubeurope.com\/@de\/115494794456830436","error":""},"_links":{"self":[{"href":"https:\/\/www.europesays.com\/de\/wp-json\/wp\/v2\/posts\/551794","targetHints":{"allow":["GET"]}}],"collection":[{"href":"https:\/\/www.europesays.com\/de\/wp-json\/wp\/v2\/posts"}],"about":[{"href":"https:\/\/www.europesays.com\/de\/wp-json\/wp\/v2\/types\/post"}],"author":[{"embeddable":true,"href":"https:\/\/www.europesays.com\/de\/wp-json\/wp\/v2\/users\/2"}],"replies":[{"embeddable":true,"href":"https:\/\/www.europesays.com\/de\/wp-json\/wp\/v2\/comments?post=551794"}],"version-history":[{"count":0,"href":"https:\/\/www.europesays.com\/de\/wp-json\/wp\/v2\/posts\/551794\/revisions"}],"wp:featuredmedia":[{"embeddable":true,"href":"https:\/\/www.europesays.com\/de\/wp-json\/wp\/v2\/media\/551795"}],"wp:attachment":[{"href":"https:\/\/www.europesays.com\/de\/wp-json\/wp\/v2\/media?parent=551794"}],"wp:term":[{"taxonomy":"category","embeddable":true,"href":"https:\/\/www.europesays.com\/de\/wp-json\/wp\/v2\/categories?post=551794"},{"taxonomy":"post_tag","embeddable":true,"href":"https:\/\/www.europesays.com\/de\/wp-json\/wp\/v2\/tags?post=551794"}],"curies":[{"name":"wp","href":"https:\/\/api.w.org\/{rel}","templated":true}]}}