{"id":55187,"date":"2025-04-23T16:38:17","date_gmt":"2025-04-23T16:38:17","guid":{"rendered":"https:\/\/www.europesays.com\/de\/55187\/"},"modified":"2025-04-23T16:38:17","modified_gmt":"2025-04-23T16:38:17","slug":"deutschland-frankreich-und-grossbritannien-appellieren-an-israel","status":"publish","type":"post","link":"https:\/\/www.europesays.com\/de\/55187\/","title":{"rendered":"Deutschland, Frankreich und Gro\u00dfbritannien appellieren an Israel"},"content":{"rendered":"<p>Blockade im Gazastreifen <\/p>\n<p>Europ\u00e4er ver\u00f6ffentlichen dringlichen Appell an Israel<\/p>\n<p>Aktualisiert am 23.04.2025 &#8211; 13:56 UhrLesedauer: 2 Min.<\/p>\n<p><a href=\"#focus-0\" class=\"transition-colors duration-200 focus-within:text-magenta block text-current relative\" data-sctrack=\"FocusGalleryImage.Reference\"><img fetchpriority=\"high\" data-testid=\"Opener.Image\" style=\"--lqipURL:url('https:\/\/images.t-online.de\/2025\/04\/Bx374PKuDm6R\/0x484:4000x2250\/fit-in\/150x0\/filters:blur(25)\/palestinians-inspect-the-area-among-the-rubbles-of-destroyed-buildings-following-the-israeli-attack-on-dahliz-family-palestinians-inspect-the-area-among-the-rubbles-of-destroyed-buildings-following-the-israeli-attack-on-dahliz-family-killing-3-people-including-1-child-in-khan-yunis-city-of-gaza-on-april-22-2025-photo-by-doaa-el-baz-apaimages-khan-yunis-gaza-strip-palestinian-territory-220425-khan-yunis-db-00-9-copyright-xapaimagesxdoaaxel-baz-xapaimagesx.jpg')\"   loading=\"eager\" src=\"https:\/\/www.europesays.com\/de\/wp-content\/uploads\/2025\/04\/palestinians-inspect-the-area-among-the-rubbles-of-destroyed-buildings-following-the-israeli-attack-.jpeg\" alt=\"imago images 0813576433\" title=\"imago images 0813576433\" width=\"4000\" height=\"2250\" class=\"bg-[url:var(--lqipURL)] bg-cover bg-center flex w-full max-w-full h-full\" decoding=\"async\"\/><img style=\"--width:32;--height:32\" loading=\"lazy\" src=\"https:\/\/www.europesays.com\/de\/wp-content\/uploads\/2025\/03\/zoom-in.f7dae02f.svg.svg+xml\" alt=\"Vergr\u00f6\u00dfern des Bildes\" title=\"Vergr\u00f6\u00dfern des Bildes\" class=\"&#10;        block&#10;        h-[calc(var(--height)_\/_16_*_1rem)]&#10;        w-[calc(var(--width)_\/_16_*_1rem)]&#10;        max-w-none&#10;        absolute bottom-8 right-8 rounded-4 bg-snow p-8\" decoding=\"async\"\/><\/a><\/p>\n<p>Pal\u00e4stinensische Kinder sitzen nach einem israelischen Luftangriff im Gazastreifen inmitten von Tr\u00fcmmern (Archivbild): Israels Regierung erntet scharfe Kritik f\u00fcr die Blockade von Hilfslieferungen. (Quelle: IMAGO\/Doaa el-Baz\\ apaimages\/imago)<\/p>\n<p class=\"font-bold text-18 leading-17\">Israel blockiert Hilfslieferungen f\u00fcr den Gazastreifen: &#8222;Das muss ein Ende haben&#8220;, fordern die Au\u00dfenminister von Partnerstaaten. Sie ver\u00f6ffentlichen einen dringlichen Appell.<\/p>\n<p class=\"text-18 leading-17\">Deutschland, <a class=\"transition-colors duration-200 cursor-pointer text-inherit no-underline text-salemsfur md:hover:text-magenta md:hover:border-magenta md:focus:text-magenta border-current border-b border-solid break-words\" href=\"https:\/\/www.t-online.de\/themen\/frankreich\/\" data-sctrack=\"BodyAnchor\" target=\"_blank\" rel=\"noopener\">Frankreich<\/a> und <a class=\"transition-colors duration-200 cursor-pointer text-inherit no-underline text-salemsfur md:hover:text-magenta md:hover:border-magenta md:focus:text-magenta border-current border-b border-solid break-words\" href=\"https:\/\/www.t-online.de\/themen\/grossbritannien\/\" data-sctrack=\"BodyAnchor\" target=\"_blank\" rel=\"noopener\">Gro\u00dfbritannien<\/a> kritisieren die israelische Blockade von Hilfslieferungen in den <a class=\"transition-colors duration-200 cursor-pointer text-inherit no-underline text-salemsfur md:hover:text-magenta md:hover:border-magenta md:focus:text-magenta border-current border-b border-solid break-words\" href=\"https:\/\/www.t-online.de\/themen\/gazastreifen\/\" data-sctrack=\"BodyAnchor\" target=\"_blank\" rel=\"noopener\">Gazastreifen<\/a> scharf. &#8222;Die israelische Entscheidung, den Zugang von Hilfsg\u00fctern nach Gaza zu blockieren, ist untragbar&#8220;, hei\u00dft es in einer gemeinsamen Erkl\u00e4rung der Au\u00dfenminister der drei europ\u00e4ischen Staaten.<\/p>\n<p class=\"text-18 leading-17\"><a class=\"transition-colors duration-200 cursor-pointer text-inherit no-underline text-salemsfur md:hover:text-magenta md:hover:border-magenta md:focus:text-magenta border-current border-b border-solid break-words\" href=\"https:\/\/www.t-online.de\/themen\/israel\/\" data-sctrack=\"BodyAnchor\" target=\"_blank\" rel=\"noopener\">Israel<\/a> halte die Blockade von Hilfslieferungen nun schon seit \u00fcber f\u00fcnfzig Tagen aufrecht, hei\u00dft es in dem Text. &#8222;Lebenswichtige G\u00fcter sind entweder nicht mehr verf\u00fcgbar oder gehen schnell zur Neige.&#8220; Die pal\u00e4stinensische Zivilbev\u00f6lkerung, wozu eine Million Kinder geh\u00f6rten, sei akut von &#8222;Hunger, epidemischen Krankheiten und Tod bedroht&#8220;. Die Au\u00dfenminister fordern: &#8222;Dies muss ein Ende haben.&#8220;<\/p>\n<p class=\"text-18 leading-17\">&#8222;Wir fordern Israel nachdr\u00fccklich auf, unverz\u00fcglich einen raschen und ungehinderten Fluss humanit\u00e4rer Hilfe nach Gaza wieder aufzunehmen, um die Bed\u00fcrfnisse aller Zivilisten zu befriedigen&#8220;, hei\u00dft es weiter.<\/p>\n<p class=\"text-18 leading-17\">Ebenso bezeichneten die Au\u00dfenminister j\u00fcngste \u00c4u\u00dferungen des israelischen Verteidigungsministers Israel Katz als &#8222;inakzeptabel&#8220;. Katz hatte vergangene Woche verk\u00fcndet, Israel werde Hilfslieferungen f\u00fcr die Menschen im Gazastreifen weiter blockieren. &#8222;Israels Politik ist klar: Es kommt keine humanit\u00e4re Hilfe nach Gaza.&#8220; Die Blockade dieser Hilfe sei eines der wichtigsten Druckmittel gegen die islamistische Terrororganisation Hamas. Dies schade &#8222;den Aussichten auf Frieden&#8220;, hei\u00dft es in der deutsch-britisch-franz\u00f6sischen Erkl\u00e4rung.<\/p>\n<p class=\"text-18 leading-17\">&#8222;Humanit\u00e4re Hilfe darf niemals als politisches Instrument eingesetzt werden, und das pal\u00e4stinensische Gebiet darf weder verkleinert noch einer demografischen Ver\u00e4nderung unterworfen werden&#8220;, fordern die Au\u00dfenminister. &#8222;Israel ist nach internationalem Recht verpflichtet, die ungehinderte Durchfahrt von humanit\u00e4rer Hilfe zu erm\u00f6glichen.&#8220;<\/p>\n<p class=\"text-18 leading-17\">Aber auch an der Hamas \u00e4u\u00dfern die Politiker Kritik: &#8222;Die Hamas darf die Hilfe nicht zu ihrem eigenen finanziellen Vorteil umleiten oder die zivile Infrastruktur f\u00fcr milit\u00e4rische Zwecke nutzen.&#8220;<\/p>\n<p class=\"text-18 leading-17\">Zudem \u00e4u\u00dferten sich die Au\u00dfenminister &#8222;emp\u00f6rt&#8220; \u00fcber die j\u00fcngsten Angriffe der israelischen Streitkr\u00e4fte auf humanit\u00e4res Personal, Infrastruktur, Geb\u00e4ude und Gesundheitseinrichtungen. &#8222;Israel muss viel mehr tun, um die Zivilbev\u00f6lkerung, die Infrastruktur und die humanit\u00e4ren Helfer zu sch\u00fctzen.&#8220;<\/p>\n<p class=\"text-18 leading-17\">Israel hatte am 18. M\u00e4rz nach einer knapp zweimonatigen Waffenruhe seine massiven Luftangriffe auf Hamas-Ziele im Gazastreifen wieder aufgenommen. Die israelische Armee startete auch eine neue Bodenoffensive. Erkl\u00e4rtes Ziel der israelischen Regierung ist es, den Druck auf die Hamas f\u00fcr eine Freilassung der in ihrer Gewalt verbliebenen israelischen Geiseln zu erh\u00f6hen. 58 Geiseln befinden sich weiterhin in der Gewalt der Islamisten, 34 von ihnen sind nach Angaben der israelischen Armee bereits tot.<\/p>\n<p class=\"text-18 leading-17\">&#8222;Entscheidend ist, dass wir alle Parteien auffordern, zu einem Waffenstillstand zur\u00fcckzukehren&#8220;, appellieren die Minister. &#8222;Wir fordern die Hamas weiterhin auf, alle verbleibenden Geiseln, die schreckliches Leid ertragen, unverz\u00fcglich freizulassen.&#8220; Nur die Zweistaatenl\u00f6sung k\u00f6nne &#8222;sowohl den Israelis als auch den Pal\u00e4stinensern dauerhaften Frieden und Sicherheit bringen und die Stabilit\u00e4t in der Region langfristig sichern&#8220;.<\/p>\n","protected":false},"excerpt":{"rendered":"Blockade im Gazastreifen Europ\u00e4er ver\u00f6ffentlichen dringlichen Appell an Israel Aktualisiert am 23.04.2025 &#8211; 13:56 UhrLesedauer: 2 Min. Pal\u00e4stinensische&hellip;\n","protected":false},"author":2,"featured_media":55188,"comment_status":"","ping_status":"","sticky":false,"template":"","format":"standard","meta":{"footnotes":""},"categories":[3974],"tags":[326,331,332,1436,25908,25236,29,548,663,3934,3980,156,739,738,551,13,25907,25906,14,15,25909,12,25910],"class_list":{"0":"post-55187","1":"post","2":"type-post","3":"status-publish","4":"format-standard","5":"has-post-thumbnail","7":"category-frankreich","8":"tag-326","9":"tag-aktuelle-nachrichten","10":"tag-aktuelle-news","11":"tag-annalena-baerbock","12":"tag-blockade","13":"tag-david-lammy","14":"tag-deutschland","15":"tag-eu","16":"tag-europa","17":"tag-europe","18":"tag-france","19":"tag-frankreich","20":"tag-gaza","21":"tag-gazastreifen","22":"tag-grossbritannien","23":"tag-headlines","24":"tag-hilfslieferung","25":"tag-israel-katz","26":"tag-nachrichten","27":"tag-news","28":"tag-partnerstaat","29":"tag-schlagzeilen","30":"tag-truemmer"},"share_on_mastodon":{"url":"https:\/\/pubeurope.com\/@de\/114388264957977814","error":""},"_links":{"self":[{"href":"https:\/\/www.europesays.com\/de\/wp-json\/wp\/v2\/posts\/55187","targetHints":{"allow":["GET"]}}],"collection":[{"href":"https:\/\/www.europesays.com\/de\/wp-json\/wp\/v2\/posts"}],"about":[{"href":"https:\/\/www.europesays.com\/de\/wp-json\/wp\/v2\/types\/post"}],"author":[{"embeddable":true,"href":"https:\/\/www.europesays.com\/de\/wp-json\/wp\/v2\/users\/2"}],"replies":[{"embeddable":true,"href":"https:\/\/www.europesays.com\/de\/wp-json\/wp\/v2\/comments?post=55187"}],"version-history":[{"count":0,"href":"https:\/\/www.europesays.com\/de\/wp-json\/wp\/v2\/posts\/55187\/revisions"}],"wp:featuredmedia":[{"embeddable":true,"href":"https:\/\/www.europesays.com\/de\/wp-json\/wp\/v2\/media\/55188"}],"wp:attachment":[{"href":"https:\/\/www.europesays.com\/de\/wp-json\/wp\/v2\/media?parent=55187"}],"wp:term":[{"taxonomy":"category","embeddable":true,"href":"https:\/\/www.europesays.com\/de\/wp-json\/wp\/v2\/categories?post=55187"},{"taxonomy":"post_tag","embeddable":true,"href":"https:\/\/www.europesays.com\/de\/wp-json\/wp\/v2\/tags?post=55187"}],"curies":[{"name":"wp","href":"https:\/\/api.w.org\/{rel}","templated":true}]}}