{"id":551873,"date":"2025-11-05T03:27:14","date_gmt":"2025-11-05T03:27:14","guid":{"rendered":"https:\/\/www.europesays.com\/de\/551873\/"},"modified":"2025-11-05T03:27:14","modified_gmt":"2025-11-05T03:27:14","slug":"demokrat-mamdani-gewinnt-buergermeisterwahl-in-new-york","status":"publish","type":"post","link":"https:\/\/www.europesays.com\/de\/551873\/","title":{"rendered":"Demokrat Mamdani gewinnt B\u00fcrgermeisterwahl in New York"},"content":{"rendered":"<p>            <img loading=\"lazy\" decoding=\"async\" class=\"ts-image\" src=\"https:\/\/www.europesays.com\/de\/wp-content\/uploads\/2025\/11\/mamdani-new-york-102.jpg\" alt=\"Bildschirm mit dem Wahlergebnis in New York\" title=\"Bildschirm mit dem Wahlergebnis in New York | AFP\"\/><\/p>\n<p>                    <strong>eilmeldung<\/strong><\/p>\n<p class=\"metatextline\">Stand: 05.11.2025 03:52 Uhr<\/p>\n<p class=\"textabsatz columns twelve  m-ten  m-offset-one l-eight l-offset-two\">\n        <strong>In New York hat der Demokrat Mamdani die B\u00fcrgermeisterwahl gegen den von US-Pr\u00e4sident Trump unterst\u00fctzten Kandidaten Cuomo gewonnen.<\/strong>\n    <\/p>\n<p class=\"textabsatz m-ten m-offset-one l-eight l-offset-two columns twelve\">Der Demokrat Zohran Mamdani hat die B\u00fcrgermeisterwahl in New York gewonnen. Er wird damit der erste muslimische B\u00fcrgermeister der Stadt. Mamdani besiegte den fr\u00fcheren Gouverneur Andrew Cuomo und den Republikaner Curtis Sliwa. Er wird B\u00fcrgermeister Eric Adams ersetzen, der im September seine Wiederwahl zur\u00fcckgezogen hatte, aber dennoch auf dem Wahlzettel geblieben war.<\/p>\n<p class=\"textabsatz m-ten m-offset-one l-eight l-offset-two columns twelve\">Mamdani bezeichnet sich selbst als demokratischen Sozialisten. Mit 34 Jahren wird er der j\u00fcngste B\u00fcrgermeister der Stadt seit mehr als einem Jahrhundert sein. Er verspricht unter anderem eine Mietpreisbremse und kostenlose Busse und Kinderbetreuung.<\/p>\n<p>    Weitere Demokraten gewinnen Wahlen<\/p>\n<p class=\"textabsatz m-ten m-offset-one l-eight l-offset-two columns twelve\">Die Demokratische Partei gewann dar\u00fcber hinaus die Gouverneurswahlen in den beiden US-Bundesstaaten Virginia und New Jersey. Die drei Abstimmungen galten als wichtiger Stimmungstest f\u00fcr Trump rund ein Jahr nach seiner Wiederwahl zum Pr\u00e4sidenten.<\/p>\n<p class=\"textabsatz m-ten m-offset-one l-eight l-offset-two columns twelve\">Der fr\u00fchere Pr\u00e4sident Barack Obama gratulierte allen demokratischen Kandidaten zum Sieg. &#8222;Wir haben immer noch sehr viel Arbeit vor uns, aber die Zukunft sieht ein bisschen heller aus&#8220;, schrieb Obama im Onlinedienst X.<\/p>\n","protected":false},"excerpt":{"rendered":"eilmeldung Stand: 05.11.2025 03:52 Uhr In New York hat der Demokrat Mamdani die B\u00fcrgermeisterwahl gegen den von US-Pr\u00e4sident&hellip;\n","protected":false},"author":2,"featured_media":551874,"comment_status":"","ping_status":"","sticky":false,"template":"","format":"standard","meta":{"footnotes":""},"categories":[5],"tags":[331,332,3364,29,30,13,134055,14,944,15,12],"class_list":{"0":"post-551873","1":"post","2":"type-post","3":"status-publish","4":"format-standard","5":"has-post-thumbnail","7":"category-nachrichten","8":"tag-aktuelle-nachrichten","9":"tag-aktuelle-news","10":"tag-de","11":"tag-deutschland","12":"tag-germany","13":"tag-headlines","14":"tag-mamdami","15":"tag-nachrichten","16":"tag-new-york","17":"tag-news","18":"tag-schlagzeilen"},"share_on_mastodon":{"url":"https:\/\/pubeurope.com\/@de\/115494967831906751","error":""},"_links":{"self":[{"href":"https:\/\/www.europesays.com\/de\/wp-json\/wp\/v2\/posts\/551873","targetHints":{"allow":["GET"]}}],"collection":[{"href":"https:\/\/www.europesays.com\/de\/wp-json\/wp\/v2\/posts"}],"about":[{"href":"https:\/\/www.europesays.com\/de\/wp-json\/wp\/v2\/types\/post"}],"author":[{"embeddable":true,"href":"https:\/\/www.europesays.com\/de\/wp-json\/wp\/v2\/users\/2"}],"replies":[{"embeddable":true,"href":"https:\/\/www.europesays.com\/de\/wp-json\/wp\/v2\/comments?post=551873"}],"version-history":[{"count":0,"href":"https:\/\/www.europesays.com\/de\/wp-json\/wp\/v2\/posts\/551873\/revisions"}],"wp:featuredmedia":[{"embeddable":true,"href":"https:\/\/www.europesays.com\/de\/wp-json\/wp\/v2\/media\/551874"}],"wp:attachment":[{"href":"https:\/\/www.europesays.com\/de\/wp-json\/wp\/v2\/media?parent=551873"}],"wp:term":[{"taxonomy":"category","embeddable":true,"href":"https:\/\/www.europesays.com\/de\/wp-json\/wp\/v2\/categories?post=551873"},{"taxonomy":"post_tag","embeddable":true,"href":"https:\/\/www.europesays.com\/de\/wp-json\/wp\/v2\/tags?post=551873"}],"curies":[{"name":"wp","href":"https:\/\/api.w.org\/{rel}","templated":true}]}}