{"id":551991,"date":"2025-11-05T04:34:12","date_gmt":"2025-11-05T04:34:12","guid":{"rendered":"https:\/\/www.europesays.com\/de\/551991\/"},"modified":"2025-11-05T04:34:12","modified_gmt":"2025-11-05T04:34:12","slug":"manila-taifun-hinterlaesst-zerstoerung-auf-den-philippinen-66-tote","status":"publish","type":"post","link":"https:\/\/www.europesays.com\/de\/551991\/","title":{"rendered":"Manila | Taifun hinterl\u00e4sst Zerst\u00f6rung auf den Philippinen &#8211; 66 Tote"},"content":{"rendered":"<p>Manila (dpa) &#8211; Auf den Philippinen steigt die Zahl der Toten durch den schweren Taifun \u00abKalmaegi\u00bb. Mindestens 66 Menschen kamen nach Angaben des Zivilschutzes ums Leben, 26 weitere werden noch vermisst. Sechs der Opfer starben beim Absturz eines Milit\u00e4rhubschraubers, der die Sturmsch\u00e4den pr\u00fcfen sollte. Viele andere sind ertrunken oder wurden von herabst\u00fcrzenden B\u00e4umen oder Tr\u00fcmmern erschlagen.<\/p>\n<p>Mehr als 430.000 Menschen wurden laut Katastrophenschutz aus ihren H\u00e4usern vertrieben. Betroffen waren 24 Provinzen auf den Inselgruppen Luzon, Visayas und Mindanao. Vielerorts fiel der Strom aus. Dutzende Fl\u00fcge wurden gestrichen.<\/p>\n<p>Der Wirbelsturm hatte zuvor mit orkanartigen B\u00f6en, heftigen Regenf\u00e4llen und meterhohen Flutwellen in dem s\u00fcdostasiatischen Inselstaat gew\u00fctet. Mittlerweile hat er sich laut Wetterdienst Pagasa abgeschw\u00e4cht, die Windb\u00f6en erreichten aber immer noch Geschwindigkeiten von rund 180 Kilometern pro Stunde.\u00a0<\/p>\n<p>Anwohner retten sich auf D\u00e4cher<\/p>\n<p>Viele Stra\u00dfen standen v\u00f6llig unter Wasser, Autos wurden durch die Naturgewalten vereinzelt \u00fcbereinandergestapelt, zahlreiche Anwohner mussten sich auf die D\u00e4cher ihrer H\u00e4user retten. Die Zerst\u00f6rung war teilweise enorm.\u00a0<\/p>\n<p>Insgesamt ist \u00abKalmaegi\u00bb, der auf den Philippinen \u00abTino\u00bb genannt wird, sieben Mal auf Land getroffen &#8211; zuletzt am fr\u00fchen Morgen in der Stadt El Nido in der westlichen Provinz Palawan. Den Vorhersagen zufolge wird der Sturm noch am Mittwoch oder Donnerstag die Philippinen verlassen und Richtung Vietnam weiterziehen. Auch im Norden von Thailand werden am Wochenende starke Niederschl\u00e4ge erwartet.<\/p>\n<p>N\u00e4chster Sturm bewegt sich auf Philippinen zu<\/p>\n<p>Derweil n\u00e4hert sich Meteorologen zufolge bereits der n\u00e4chste tropische Wirbelsturm. Er k\u00f6nnte voraussichtlich am Freitag oder Samstag auf den Philippinen auf Land treffen und sich im Laufe des Wochenendes zu einem Supertaifun entwickeln. Dabei handelt es sich um einen besonders schweren Tropensturm, dessen Mittelwind mindestens 240 Kilometer pro Stunde erreicht.\u00a0<\/p>\n<p>Die Philippinen werden jedes Jahr von durchschnittlich etwa 20 Taifunen heimgesucht. Der besonders schlimme Sturm \u00abHaiyan\u00bb hatte im November 2013 mehr als 6.300 Menschen das Leben gekostet.<\/p>\n","protected":false},"excerpt":{"rendered":"Manila (dpa) &#8211; Auf den Philippinen steigt die Zahl der Toten durch den schweren Taifun \u00abKalmaegi\u00bb. Mindestens 66&hellip;\n","protected":false},"author":2,"featured_media":551992,"comment_status":"","ping_status":"","sticky":false,"template":"","format":"standard","meta":{"footnotes":""},"categories":[1841],"tags":[1605,3364,29,30,1209,14663,4028,10649,1973],"class_list":{"0":"post-551991","1":"post","2":"type-post","3":"status-publish","4":"format-standard","5":"has-post-thumbnail","7":"category-bielefeld","8":"tag-bielefeld","9":"tag-de","10":"tag-deutschland","11":"tag-germany","12":"tag-nordrhein-westfalen","13":"tag-philippinen","14":"tag-unwetter","15":"tag-vietnam","16":"tag-wetter"},"share_on_mastodon":{"url":"https:\/\/pubeurope.com\/@de\/115495230890896357","error":""},"_links":{"self":[{"href":"https:\/\/www.europesays.com\/de\/wp-json\/wp\/v2\/posts\/551991","targetHints":{"allow":["GET"]}}],"collection":[{"href":"https:\/\/www.europesays.com\/de\/wp-json\/wp\/v2\/posts"}],"about":[{"href":"https:\/\/www.europesays.com\/de\/wp-json\/wp\/v2\/types\/post"}],"author":[{"embeddable":true,"href":"https:\/\/www.europesays.com\/de\/wp-json\/wp\/v2\/users\/2"}],"replies":[{"embeddable":true,"href":"https:\/\/www.europesays.com\/de\/wp-json\/wp\/v2\/comments?post=551991"}],"version-history":[{"count":0,"href":"https:\/\/www.europesays.com\/de\/wp-json\/wp\/v2\/posts\/551991\/revisions"}],"wp:featuredmedia":[{"embeddable":true,"href":"https:\/\/www.europesays.com\/de\/wp-json\/wp\/v2\/media\/551992"}],"wp:attachment":[{"href":"https:\/\/www.europesays.com\/de\/wp-json\/wp\/v2\/media?parent=551991"}],"wp:term":[{"taxonomy":"category","embeddable":true,"href":"https:\/\/www.europesays.com\/de\/wp-json\/wp\/v2\/categories?post=551991"},{"taxonomy":"post_tag","embeddable":true,"href":"https:\/\/www.europesays.com\/de\/wp-json\/wp\/v2\/tags?post=551991"}],"curies":[{"name":"wp","href":"https:\/\/api.w.org\/{rel}","templated":true}]}}