{"id":552054,"date":"2025-11-05T05:08:35","date_gmt":"2025-11-05T05:08:35","guid":{"rendered":"https:\/\/www.europesays.com\/de\/552054\/"},"modified":"2025-11-05T05:08:35","modified_gmt":"2025-11-05T05:08:35","slug":"issumer-freundesgruppe-besucht-landtag-in-duesseldorf","status":"publish","type":"post","link":"https:\/\/www.europesays.com\/de\/552054\/","title":{"rendered":"Issumer Freundesgruppe besucht Landtag in D\u00fcsseldorf"},"content":{"rendered":"<p class=\"text_ohne_einzug richtext text-em-55 !leading-serif mx-6 desktop:mx-0\">  Eine 19 -k\u00f6pfige Interessenten- und Freundesgruppe aus Issum besuchte den Landtag in <a href=\"https:\/\/rp-online.de\/thema\/duesseldorf\/\" target=\"_blank\" rel=\"noopener\">D\u00fcsseldorf<\/a>. Vor dem Empfang im Landtag ging es f\u00fcr die auf den <a href=\"https:\/\/rp-online.de\/thema\/rheinturm\/\" target=\"_blank\" rel=\"noopener\">Rheinturm<\/a> in D\u00fcsseldorf f\u00fcr einen tollen Rundumblick auf die Landeshauptstadt. Anschlie\u00dfend wurden die Teilnehmer im Landtag begr\u00fc\u00dft, eine Mitarbeiterin informierte \u00fcber die Regeln des Hauses, sowie \u00fcber Abl\u00e4ufe und Arbeitsweisen der Abgeordnetenim Landtag. Anschlie\u00dfend konnten die Issumer eine laufende Plenarsitzung verfolgen. Dort bekamen sie schon einen Einblick von interessanten und zum Teil hitzigen Wortbeitr\u00e4gen zu vorher festgelegten Themen, wie aus dem Familien- und Schulbereich. Anschlie\u00dfend wurden sie vom Landtagsabgeordneten Stephan Wolters, Abgeordneter aus dem S\u00fcdkreis <a href=\"https:\/\/rp-online.de\/thema\/kleve\/\" target=\"_blank\" rel=\"noopener\">Kleve<\/a>, zu einem einst\u00fcndigen Gespr\u00e4ch geladen. \u201eWir bekamen Einblicke und Sichtweisen eines Politikers dargebracht, die wir anerkennend aber auch teilweise kritisch entgegennahmen\u201c, so das Fazit. Zum Schluss konnten sich die Teilnehmer noch mit Stephan Wolters an Kaffee und Kuchen erfreuen, bevor sie in einem Altstadt-Restaurant den sehr informativen und interessanten Tag in gem\u00fctlicher Runde ausklingen lie\u00dfen und anschlie\u00dfend die R\u00fcckfahrt antraten.<\/p>\n","protected":false},"excerpt":{"rendered":"Eine 19 -k\u00f6pfige Interessenten- und Freundesgruppe aus Issum besuchte den Landtag in D\u00fcsseldorf. Vor dem Empfang im Landtag&hellip;\n","protected":false},"author":2,"featured_media":552055,"comment_status":"","ping_status":"","sticky":false,"template":"","format":"standard","meta":{"footnotes":""},"categories":[1831],"tags":[79235,17877,3364,29,3405,30,134096,134095,7738,1985,34926,134097,1209,3747,7115,78490],"class_list":{"0":"post-552054","1":"post","2":"type-post","3":"status-publish","4":"format-standard","5":"has-post-thumbnail","7":"category-duesseldorf","8":"tag-anschliessend","9":"tag-bekamen","10":"tag-de","11":"tag-deutschland","12":"tag-duesseldorf","13":"tag-germany","14":"tag-interessanten","15":"tag-issum","16":"tag-kleve","17":"tag-landtag","18":"tag-landtagsabgeordneten","19":"tag-liessen","20":"tag-nordrhein-westfalen","21":"tag-stephan","22":"tag-teilnehmer","23":"tag-wolters"},"share_on_mastodon":{"url":"https:\/\/pubeurope.com\/@de\/115495364431612239","error":""},"_links":{"self":[{"href":"https:\/\/www.europesays.com\/de\/wp-json\/wp\/v2\/posts\/552054","targetHints":{"allow":["GET"]}}],"collection":[{"href":"https:\/\/www.europesays.com\/de\/wp-json\/wp\/v2\/posts"}],"about":[{"href":"https:\/\/www.europesays.com\/de\/wp-json\/wp\/v2\/types\/post"}],"author":[{"embeddable":true,"href":"https:\/\/www.europesays.com\/de\/wp-json\/wp\/v2\/users\/2"}],"replies":[{"embeddable":true,"href":"https:\/\/www.europesays.com\/de\/wp-json\/wp\/v2\/comments?post=552054"}],"version-history":[{"count":0,"href":"https:\/\/www.europesays.com\/de\/wp-json\/wp\/v2\/posts\/552054\/revisions"}],"wp:featuredmedia":[{"embeddable":true,"href":"https:\/\/www.europesays.com\/de\/wp-json\/wp\/v2\/media\/552055"}],"wp:attachment":[{"href":"https:\/\/www.europesays.com\/de\/wp-json\/wp\/v2\/media?parent=552054"}],"wp:term":[{"taxonomy":"category","embeddable":true,"href":"https:\/\/www.europesays.com\/de\/wp-json\/wp\/v2\/categories?post=552054"},{"taxonomy":"post_tag","embeddable":true,"href":"https:\/\/www.europesays.com\/de\/wp-json\/wp\/v2\/tags?post=552054"}],"curies":[{"name":"wp","href":"https:\/\/api.w.org\/{rel}","templated":true}]}}