{"id":552259,"date":"2025-11-05T07:06:13","date_gmt":"2025-11-05T07:06:13","guid":{"rendered":"https:\/\/www.europesays.com\/de\/552259\/"},"modified":"2025-11-05T07:06:13","modified_gmt":"2025-11-05T07:06:13","slug":"borussia-moenchengladbach-rainer-bonhof-appelliert-an-die-derby-fans-sport","status":"publish","type":"post","link":"https:\/\/www.europesays.com\/de\/552259\/","title":{"rendered":"Borussia M\u00f6nchengladbach: Rainer Bonhof appelliert an die Derby-Fans | Sport"},"content":{"rendered":"<p>Auch f\u00fcr die Gladbach-Bosse um Pr\u00e4sident Rainer Bonhof (73) war der 4:0-Sieg bei St. Pauli nach 15 sieglosen Bundesliga-Partien in Folge eine Erl\u00f6sung.<\/p>\n<p><b>Auf Borussias Homepage sprach der Fohlen-Boss vor dem Derby am Samstag (18.30 Uhr\/Sky) nun \u00fcber\u00a0\u2026<\/b><\/p>\n<p>\u201eGenauso gewollt\u201c: Max Kruse mit Zauber-Tor in Bezirksliga<a class=\"anchor video-teaser__anchor\" href=\"https:\/\/www.bild.de\/sport\/fussball\/genauso-gewollt-max-kruse-mit-zauber-tor-in-bezirksliga-690a0e6fef57a9036f0ac2c5\" target=\"_blank\" rel=\"noopener\"><img decoding=\"async\" width=\"992\" height=\"558\" alt=\"\" src=\"https:\/\/www.europesays.com\/de\/wp-content\/uploads\/2025\/11\/e9d0235fde6ec2aeee539b064e64c99c,28179cdc\"   class=\"landscape teaser__image\" loading=\"lazy\"\/><\/a><\/p>\n<p>Quelle: Instagram @max.kruse10 ; YouTube @BSVDersim199304.11.2025<\/p>\n<p><b>\u2026den ersten Saisonsieg bei St. Pauli:<\/b> \u201eDer Sieg tut uns allen unheimlich gut. Das Ergebnis, vor allem aber das konzentrierte Auftreten der Mannschaft, zeigt, dass wir auf dem richtigen Weg sind. Es ist ein Weg der vielen kleinen Schritte. Wichtig ist, dass wir uns auf diesen Erfolgserlebnissen nicht ausruhen. <b>Es gilt, die positive Entwicklung fortzusetzen. Und ich bin \u00fcberzeugt davon, dass uns das gemeinsam \u2013 mit der Mannschaft, dem Trainerteam, Rouven als neuem Sportchef sowie mit unseren Fans im R\u00fccken \u2013 gelingen wird.\u201c<\/b><\/p>\n<p>Mehr zum Thema<\/p>\n<p><b>\u2026das erneute <\/b><a href=\"https:\/\/www.bild.de\/sport\/fussball\/borussia-moenchengladbach\/startseite-borussia-moenchengladbach-31074418.bild.html\" class=\"text-link\" target=\"_blank\" rel=\"noopener\"><b>Gladbach<\/b><\/a><b>-Duell mit St. Pauli im Pokal: <\/b>\u201eWir haben uns alle ein Heimspiel gew\u00fcnscht. Schon vergangenen Dienstag gegen Karlsruhe hatten wir im Borussia-Park eine tolle Flutlicht-Atmosph\u00e4re. Dass uns nur einen Tag nach unserem Bundesliga-Ausw\u00e4rtsspiel dort St. Pauli als kommender Gegner im DFB-Pokal zugelost wird, ist ein St\u00fcck weit kurios. <b>Wir freuen uns auf das Duell Anfang Dezember, wollen unbedingt eine Runde weiterkommen und im Pokal \u00fcberwintern.\u201d<\/b><\/p>\n<p><b>\u2026das Derby gegen K\u00f6ln:<\/b> \u201eDie Vorfreude auf das erste<a href=\"https:\/\/www.bild.de\/sport\/fussball\/bundesliga\/bundesliga-startseite-52368768.bild.html\" class=\"text-link\" target=\"_blank\" rel=\"noopener\"> Bundesliga<\/a>-Derby seit eineinhalb Jahren ist gro\u00df. Dieses Duell hat immer seinen besonderen Reiz. Ich erwarte eine auf dem Platz umk\u00e4mpfte Partie. Und ich appelliere an beide Fanlager, dass es bei aller sportlichen Rivalit\u00e4t au\u00dferhalb des Platzes ein friedliches Derby wird. <b>Ich freue mich auf ein stimmungsvolles Fu\u00dfballfest im Borussia-Park.\u201c<\/b><\/p>\n<p><b>\u2026<\/b> <b>die derzeit laufende U17-WM in Katar mit 5 Gladbach-Talenten:<\/b> \u201eAn einer WM teilnehmen zu d\u00fcrfen, ist eine besondere Auszeichnung. Die Erfahrungen, die die Spieler bei einem solchen Turnier machen, werden ihnen auf ihrem weiteren Weg helfen.<b> F\u00fcr Borussia und das Nachwuchsleistungszentrum ist das gleichzeitig eine sch\u00f6ne Auszeichnung.\u201c<\/b> <\/p>\n","protected":false},"excerpt":{"rendered":"Auch f\u00fcr die Gladbach-Bosse um Pr\u00e4sident Rainer Bonhof (73) war der 4:0-Sieg bei St. Pauli nach 15 sieglosen&hellip;\n","protected":false},"author":2,"featured_media":552260,"comment_status":"","ping_status":"","sticky":false,"template":"","format":"standard","meta":{"footnotes":""},"categories":[1849],"tags":[30833,815,3364,5098,29,538,548,663,3934,459,30,13,4455,14,15,1209,100524,12,126094,819,45],"class_list":{"0":"post-552259","1":"post","2":"type-post","3":"status-publish","4":"format-standard","5":"has-post-thumbnail","7":"category-moenchengladbach","8":"tag-bonhof-rainer","9":"tag-borussia-moenchengladbach","10":"tag-de","11":"tag-derby","12":"tag-deutschland","13":"tag-erste-bundesliga","14":"tag-eu","15":"tag-europa","16":"tag-europe","17":"tag-fc-st-pauli","18":"tag-germany","19":"tag-headlines","20":"tag-moenchengladbach","21":"tag-nachrichten","22":"tag-news","23":"tag-nordrhein-westfalen","24":"tag-polanski-eugen","25":"tag-schlagzeilen","26":"tag-schroeder-rouven","27":"tag-sport-leuchtturm-essen","28":"tag-texttospeech"},"share_on_mastodon":{"url":"https:\/\/pubeurope.com\/@de\/115495829090895887","error":""},"_links":{"self":[{"href":"https:\/\/www.europesays.com\/de\/wp-json\/wp\/v2\/posts\/552259","targetHints":{"allow":["GET"]}}],"collection":[{"href":"https:\/\/www.europesays.com\/de\/wp-json\/wp\/v2\/posts"}],"about":[{"href":"https:\/\/www.europesays.com\/de\/wp-json\/wp\/v2\/types\/post"}],"author":[{"embeddable":true,"href":"https:\/\/www.europesays.com\/de\/wp-json\/wp\/v2\/users\/2"}],"replies":[{"embeddable":true,"href":"https:\/\/www.europesays.com\/de\/wp-json\/wp\/v2\/comments?post=552259"}],"version-history":[{"count":0,"href":"https:\/\/www.europesays.com\/de\/wp-json\/wp\/v2\/posts\/552259\/revisions"}],"wp:featuredmedia":[{"embeddable":true,"href":"https:\/\/www.europesays.com\/de\/wp-json\/wp\/v2\/media\/552260"}],"wp:attachment":[{"href":"https:\/\/www.europesays.com\/de\/wp-json\/wp\/v2\/media?parent=552259"}],"wp:term":[{"taxonomy":"category","embeddable":true,"href":"https:\/\/www.europesays.com\/de\/wp-json\/wp\/v2\/categories?post=552259"},{"taxonomy":"post_tag","embeddable":true,"href":"https:\/\/www.europesays.com\/de\/wp-json\/wp\/v2\/tags?post=552259"}],"curies":[{"name":"wp","href":"https:\/\/api.w.org\/{rel}","templated":true}]}}