{"id":552514,"date":"2025-11-05T09:34:11","date_gmt":"2025-11-05T09:34:11","guid":{"rendered":"https:\/\/www.europesays.com\/de\/552514\/"},"modified":"2025-11-05T09:34:11","modified_gmt":"2025-11-05T09:34:11","slug":"bremer-overbeck-museum-erbt-mehr-als-200-werke","status":"publish","type":"post","link":"https:\/\/www.europesays.com\/de\/552514\/","title":{"rendered":"Bremer Overbeck-Museum erbt mehr als 200 Werke"},"content":{"rendered":"<p class=\"article-toplinewrapper\">\n<p>Standdatum: 5. November 2025.<\/p>\n<p><img decoding=\"async\" class=\"image -image-with-fallback -image-rounded  lazyload\" src=\"data:image\/gif;base64,R0lGODlhEAAJAIAAAP\/\/\/\/\/\/\/yH5BAEKAAEALAAAAAAQAAkAAAIKjI+py+0Po5yUFQA7\"   alt=\"Die Aufnahme zeigt einen Teil der Jubil\u00e4umsausstellung &quot;25 Jahre Overbeck-Museum&quot; (12.07.-04.10.2015) mit Werken von Fritz und Hermine Overbeck am 12.07.2015 im Overbeck-Museum von Bremen. \" data-image-owner=\"dpa | Ingo Wagner\" data-image-title=\"Die Aufnahme zeigt einen Teil der Jubil\u00e4umsausstellung &quot;25 Jahre Overbeck-Museum&quot; (12.07.-04.10.2015) mit Werken von Fritz und Hermine Overbeck am 12.07.2015 im Overbeck-Museum von Bremen. \" data-image-src=\"https:\/\/www.butenunbinnen.de\/bilder\/overbeck-museum-106~_v-800x450_c-1762324003723.jpg\" data-image-rights-src=\"\/bilder\/overbeck-museum-106~_v-640x360_c-1762324003723.jpg\"\/><\/p>\n<p>Viele nun geerbte Werke befinden sich schon seit Jahren in dem Museum. (Archivbild)<\/p>\n<p>Bild: dpa | Ingo Wagner<\/p>\n<p class=\"article-intro\">Das Museum in Bremen-Vegesack bekommt aus einem Nachlass neue Ausstellungsst\u00fccke. Darunter ist auch das einzige Selbstportr\u00e4t, das Fritz Overbeck je gemalt hat.<\/p>\n<p>Das Overbeck-Museum in Bremen-Vegesack hat mehr als 200 \u00d6lgem\u00e4lde, Aquarelle, Zeichnungen und Radierungen des Worpsweder K\u00fcnstlerpaares Fritz und Hermine Overbeck geerbt. Sie stammen aus dem Nachlass der Witwe eines Enkels.<\/p>\n<p>Die meisten Werke waren schon als Dauerleihgabe im Museum, neu hinzu kommen rund 40 \u00d6lgem\u00e4lde. Darunter ist auch das einzige Selbstportr\u00e4t, das Fritz Overbeck jemals malte. Es wird ab 23. November wird im Museum zu sehen sein \u2013 als Teil der Ausstellung \u00fcber Leben und Werk seiner Frau.<\/p>\n<p>&#8222;Dieses Bild wird sicherlich ein Herzst\u00fcck unserer Sammlung werden&#8220;, so Museumsleiterin Katja Pourshirazi. Man sei dankbar, dass alle nun geerbten Werke in den Besitz der Stiftung \u00fcbergehen und so dauerhaft der \u00d6ffentlichkeit zug\u00e4nglich gemacht werden.<\/p>\n<p>Mehr zum Overbeck-Museum<\/p>\n<p class=\"article-legal-agencies\"><strong>Quelle<\/strong>:<br \/>\ndpa.\n<\/p>\n<p class=\"article-legal-broadcast-reference\"><strong>Dieses Thema im Programm:<\/strong><br \/>\nBremen Zwei, Nachrichten, 5. November 2025, 6 Uhr<\/p>\n","protected":false},"excerpt":{"rendered":"Standdatum: 5. November 2025. Viele nun geerbte Werke befinden sich schon seit Jahren in dem Museum. (Archivbild) Bild:&hellip;\n","protected":false},"author":2,"featured_media":552515,"comment_status":"","ping_status":"","sticky":false,"template":"","format":"standard","meta":{"footnotes":""},"categories":[1775],"tags":[1793,2420,29,214,24704,30,1794,134178,46050,24703,215,12660],"class_list":{"0":"post-552514","1":"post","2":"type-post","3":"status-publish","4":"format-standard","5":"has-post-thumbnail","7":"category-kunst-und-design","8":"tag-art-and-design","9":"tag-bremen","10":"tag-deutschland","11":"tag-entertainment","12":"tag-erbe","13":"tag-germany","14":"tag-kunst-und-design","15":"tag-musem","16":"tag-nachlass","17":"tag-overbeck","18":"tag-unterhaltung","19":"tag-vegesack"},"share_on_mastodon":{"url":"https:\/\/pubeurope.com\/@de\/115496410379493454","error":""},"_links":{"self":[{"href":"https:\/\/www.europesays.com\/de\/wp-json\/wp\/v2\/posts\/552514","targetHints":{"allow":["GET"]}}],"collection":[{"href":"https:\/\/www.europesays.com\/de\/wp-json\/wp\/v2\/posts"}],"about":[{"href":"https:\/\/www.europesays.com\/de\/wp-json\/wp\/v2\/types\/post"}],"author":[{"embeddable":true,"href":"https:\/\/www.europesays.com\/de\/wp-json\/wp\/v2\/users\/2"}],"replies":[{"embeddable":true,"href":"https:\/\/www.europesays.com\/de\/wp-json\/wp\/v2\/comments?post=552514"}],"version-history":[{"count":0,"href":"https:\/\/www.europesays.com\/de\/wp-json\/wp\/v2\/posts\/552514\/revisions"}],"wp:featuredmedia":[{"embeddable":true,"href":"https:\/\/www.europesays.com\/de\/wp-json\/wp\/v2\/media\/552515"}],"wp:attachment":[{"href":"https:\/\/www.europesays.com\/de\/wp-json\/wp\/v2\/media?parent=552514"}],"wp:term":[{"taxonomy":"category","embeddable":true,"href":"https:\/\/www.europesays.com\/de\/wp-json\/wp\/v2\/categories?post=552514"},{"taxonomy":"post_tag","embeddable":true,"href":"https:\/\/www.europesays.com\/de\/wp-json\/wp\/v2\/tags?post=552514"}],"curies":[{"name":"wp","href":"https:\/\/api.w.org\/{rel}","templated":true}]}}