{"id":552531,"date":"2025-11-05T09:44:14","date_gmt":"2025-11-05T09:44:14","guid":{"rendered":"https:\/\/www.europesays.com\/de\/552531\/"},"modified":"2025-11-05T09:44:14","modified_gmt":"2025-11-05T09:44:14","slug":"newsom-kann-offenbar-bei-abstimmung-erfolg-verbuchen","status":"publish","type":"post","link":"https:\/\/www.europesays.com\/de\/552531\/","title":{"rendered":"Newsom kann offenbar bei Abstimmung Erfolg verbuchen"},"content":{"rendered":"<p>Newsblog zur US-Politik <\/p>\n<p>Newsom vor wichtigem Erfolg in Kalifornien<\/p>\n<p>Von <a class=\"transition-colors duration-200 cursor-pointer text-inherit no-underline text-inherit md:hover:text-magenta md:hover:border-magenta md:focus:text-magenta grid items-center gap-4\" href=\"https:\/\/www.t-online.de\/author\/id_89574270\/nilofar-breuer.html\" target=\"_blank\" rel=\"noopener\">N. Breuer<\/a>, <a class=\"transition-colors duration-200 cursor-pointer text-inherit no-underline text-inherit md:hover:text-magenta md:hover:border-magenta md:focus:text-magenta grid items-center gap-4\" href=\"https:\/\/www.t-online.de\/author\/id_90737704\/christoph-coeln.html\" target=\"_blank\" rel=\"noopener\">C. C\u00f6ln<\/a>, <a class=\"transition-colors duration-200 cursor-pointer text-inherit no-underline text-inherit md:hover:text-magenta md:hover:border-magenta md:focus:text-magenta grid items-center gap-4\" href=\"https:\/\/www.t-online.de\/author\/id_83634734\/anna-lena-janzen.html\" target=\"_blank\" rel=\"noopener\">A. Janzen<\/a>, <a class=\"transition-colors duration-200 cursor-pointer text-inherit no-underline text-inherit md:hover:text-magenta md:hover:border-magenta md:focus:text-magenta grid items-center gap-4\" href=\"https:\/\/www.t-online.de\/author\/id_89813468\/david-schafbuch.html\" target=\"_blank\" rel=\"noopener\">D. Schafbuch<\/a>, <a class=\"transition-colors duration-200 cursor-pointer text-inherit no-underline text-inherit md:hover:text-magenta md:hover:border-magenta md:focus:text-magenta grid items-center gap-4\" href=\"https:\/\/www.t-online.de\/author\/id_87278814\/mauritius-kloft.html\" target=\"_blank\" rel=\"noopener\">M. Kloft<\/a>, <a class=\"transition-colors duration-200 cursor-pointer text-inherit no-underline text-inherit md:hover:text-magenta md:hover:border-magenta md:focus:text-magenta grid items-center gap-4\" href=\"https:\/\/www.t-online.de\/author\/id_100402234\/jakob-hartung.html\" target=\"_blank\" rel=\"noopener\">J. Hartung<\/a>, <a class=\"transition-colors duration-200 cursor-pointer text-inherit no-underline text-inherit md:hover:text-magenta md:hover:border-magenta md:focus:text-magenta grid items-center gap-4\" href=\"https:\/\/www.t-online.de\/author\/id_100490570\/finn-michalski.html\" target=\"_blank\" rel=\"noopener\">F. Michalski<\/a>, <a class=\"transition-colors duration-200 cursor-pointer text-inherit no-underline text-inherit md:hover:text-magenta md:hover:border-magenta md:focus:text-magenta grid items-center gap-4\" href=\"https:\/\/www.t-online.de\/author\/id_92437676\/julian-seiferth.html\" target=\"_blank\" rel=\"noopener\">J. Seiferth<\/a>, <a class=\"transition-colors duration-200 cursor-pointer text-inherit no-underline text-inherit md:hover:text-magenta md:hover:border-magenta md:focus:text-magenta grid items-center gap-4\" href=\"https:\/\/www.t-online.de\/author\/id_83403284\/martin-kueper.html\" target=\"_blank\" rel=\"noopener\">M. K\u00fcper<\/a>, <a class=\"transition-colors duration-200 cursor-pointer text-inherit no-underline text-inherit md:hover:text-magenta md:hover:border-magenta md:focus:text-magenta grid items-center gap-4\" href=\"https:\/\/www.t-online.de\/author\/id_100237118\/simon-cleven.html\" target=\"_blank\" rel=\"noopener\">S. Cleven<\/a>, <a class=\"transition-colors duration-200 cursor-pointer text-inherit no-underline text-inherit md:hover:text-magenta md:hover:border-magenta md:focus:text-magenta grid items-center gap-4\" href=\"https:\/\/www.t-online.de\/author\/id_100224720\/julius-zielezinski.html\" target=\"_blank\" rel=\"noopener\">J. Zielezinski<\/a><\/p>\n<p>Aktualisiert am 05.11.2025 &#8211; 07:39 UhrLesedauer: 44 Min.<\/p>\n<p><a href=\"#focus-0\" class=\"transition-colors duration-200 block text-current relative\" data-sctrack=\"FocusGalleryImage.Reference\"><img fetchpriority=\"high\" data-testid=\"Opener.Image\" style=\"--lqipURL:url('https:\/\/images.t-online.de\/2025\/06\/Y8dfdsAgPpJW\/0x28:1034x581\/fit-in\/150x0\/filters:blur(25)\/gavin-newsom-waehrend-einer-pressekonferenz-archivbild.jpg')\"   loading=\"eager\" src=\"https:\/\/www.europesays.com\/de\/wp-content\/uploads\/2025\/11\/gavin-newsom-waehrend-einer-pressekonferenz-archivbild.jpg\" alt=\"Gavin Newsom w\u00e4hrend einer Pressekonferenz (Archivbild).\" title=\"Gavin Newsom w\u00e4hrend einer Pressekonferenz (Archivbild).\" width=\"1034\" height=\"581\" class=\"bg-[url:var(--lqipURL)] bg-cover bg-center flex h-full w-full max-w-full\" decoding=\"async\"\/><img style=\"--width:32;--height:32\" loading=\"lazy\" src=\"https:\/\/www.t-online.de\/s\/paper\/_next\/static\/media\/zoom-in.f7dae02f.svg\" alt=\"Vergr\u00f6\u00dfern des Bildes\" title=\"Vergr\u00f6\u00dfern des Bildes\" class=\"block h-[calc(var(--height)_\/_16_*_1rem)] w-[calc(var(--width)_\/_16_*_1rem)] max-w-none absolute bottom-8 right-8 rounded-4 bg-snow p-8\" decoding=\"async\"\/><\/a><\/p>\n<p>Gavin Newsom w\u00e4hrend einer Pressekonferenz (Archivbild). (Quelle: IMAGO\/Hector Amezcua\/imago-images-bilder)<\/p>\n<p class=\"font-bold text-18 leading-17\">Bei mehreren Wahlen in den USA siegten Demokraten. Der US-Supreme Court verhandelt \u00fcber Trumps Z\u00f6lle. Alle Nachrichten im Newsblog.<\/p>\n<p class=\"text-18 leading-17\">Die W\u00e4hler in <a class=\"transition-colors duration-200 cursor-pointer text-inherit no-underline text-salemsfur md:hover:text-magenta md:hover:border-magenta md:focus:text-magenta border-current border-b border-solid break-words\" href=\"https:\/\/www.t-online.de\/themen\/kalifornien\/\" data-sctrack=\"BodyAnchor\" target=\"_blank\" rel=\"noopener\">Kalifornien<\/a> stimmen laut einer Prognose des Senders Fox News f\u00fcr einen Neuzuschnitt der Kongresswahlkreise. Dies gilt als wichtiger Sieg f\u00fcr die Demokraten im Vorfeld der Kongresswahlen 2026. Die Ma\u00dfnahme soll der Partei helfen, ihre Chancen bei den Wahlen zum Repr\u00e4sentantenhaus zu verbessern.<\/p>\n<p class=\"text-18 leading-17\">Kaliforniens demokratischer Gouverneur Gavin Newsom hatte sich in den vergangenen Monaten innerhalb der Demokratischen Partei als Gegenspieler des republikanischen Pr\u00e4sidenten Trump profiliert. Er stellte Kalifornien an die Spitze der Bem\u00fchungen der Demokraten, die Wahlkreise neu zuzuschneiden. Dies soll \u00e4hnlichen Bestrebungen der von den Republikanern gef\u00fchrten Bundesstaaten entgegenwirken. Beide Parteien k\u00e4mpfen bei den Wahlen 2026 um die Kontrolle im US-Repr\u00e4sentantenhaus, in dem die Republikaner derzeit eine knappe Mehrheit haben.<\/p>\n<p class=\"text-18 leading-17\">Der Supreme Court verhandelt \u00fcber die Zollpolitik von US-Pr\u00e4sident <a class=\"transition-colors duration-200 cursor-pointer text-inherit no-underline text-salemsfur md:hover:text-magenta md:hover:border-magenta md:focus:text-magenta border-current border-b border-solid break-words\" href=\"https:\/\/www.t-online.de\/themen\/donald-trump\/\" data-sctrack=\"BodyAnchor\" target=\"_blank\" rel=\"noopener\">Donald Trump<\/a>. Seit Beginn seiner zweiten Amtszeit hat der Republikaner gegen zahlreiche L\u00e4nder Z\u00f6lle verh\u00e4ngt, auch gegen Importe von Produkten aus der EU. Jetzt kl\u00e4rt das oberste Gericht, ob das Vorgehen der US-Regierung juristisch einwandfrei war. Dazu gibt es nun erstmals eine m\u00fcndliche Anh\u00f6rung vor Gericht.<\/p>\n<p class=\"text-18 leading-17\">Dabei geht es weniger um die Frage, ob die Z\u00f6lle \u00fcberhaupt zul\u00e4ssig sind. Der Fokus dieses Falls liegt auf der juristischen Argumentation, die die US-Regierung f\u00fcr ihre aggressive Zollpolitik angewendet hatte. Trump berief sich dabei auf ein Notstandsgesetz aus dem Jahre 1977. Er sah den Notstand im Land als erf\u00fcllt an, da es ein Ungleichgewicht im internationalen Handel zulasten der <a class=\"transition-colors duration-200 cursor-pointer text-inherit no-underline text-salemsfur md:hover:text-magenta md:hover:border-magenta md:focus:text-magenta border-current border-b border-solid break-words\" href=\"https:\/\/www.t-online.de\/themen\/usa\/\" data-sctrack=\"BodyAnchor\" target=\"_blank\" rel=\"noopener\">USA<\/a> gegeben habe. Die USA seien unfair behandelt worden.<\/p>\n<p class=\"text-18 leading-17\">Eigentlich ist f\u00fcr Z\u00f6lle der Kongress, das US-Parlament, zust\u00e4ndig. Doch mithilfe des Notstandsgesetzes kann der Pr\u00e4sident im Krisenfall selbst Dekrete erlassen, ohne dass das Parlament angerufen werden muss. Im aktuellen Fall geht Trump gegen eine Entscheidung eines Berufungsgerichts vor. Dieses hatte Ende August Trump die Befugnis abgesprochen, mit dem Notstandsgesetz weitreichende Z\u00f6lle auf Importprodukte zu verh\u00e4ngen. Die Richter hatten darauf hingewiesen, dass Z\u00f6lle Kernkompetenz des US-Kongresses seien. Trump ging in Berufung, deshalb trat das Urteil nicht in Kraft. Und Trumps Z\u00f6lle blieben bestehen. Dann kam der Supreme Court ins Spiel.<\/p>\n<p class=\"text-18 leading-17\">Trump selbst wird w\u00e4hrend der Verhandlung in Miami sein, wie das Wei\u00dfe Haus mitteilte. Dennoch setzte er schon vorab den Ton: Es handele sich um einen der wichtigsten F\u00e4lle, die der Supreme Court je f\u00fcr Amerika behandelt habe. F\u00fcr Trump steht viel auf dem Spiel. Z\u00f6lle sind zum zentralen Element seiner Amtszeit geworden.<\/p>\n","protected":false},"excerpt":{"rendered":"Newsblog zur US-Politik Newsom vor wichtigem Erfolg in Kalifornien Von N. Breuer, C. C\u00f6ln, A. Janzen, D. Schafbuch,&hellip;\n","protected":false},"author":2,"featured_media":552532,"comment_status":"","ping_status":"","sticky":false,"template":"","format":"standard","meta":{"footnotes":""},"categories":[3],"tags":[1217,326,7797,3057,134181,106,444,548,799,60253,13,2847,17580,134182,14,25053,944,15,3129,1555,12,293,10173,10,8,9,11,3111,4146,12795,64,26516,6799,5504,103,104,133228,615],"class_list":{"0":"post-552531","1":"post","2":"type-post","3":"status-publish","4":"format-standard","5":"has-post-thumbnail","7":"category-welt","8":"tag-1217","9":"tag-326","10":"tag-7797","11":"tag-amerika","12":"tag-august-trump","13":"tag-donald-trump","14":"tag-elon-musk","15":"tag-eu","16":"tag-fox-news","17":"tag-gavin-newsom","18":"tag-headlines","19":"tag-kalifornien","20":"tag-miami","21":"tag-mikie-sherrill","22":"tag-nachrichten","23":"tag-new-jersey","24":"tag-new-york","25":"tag-news","26":"tag-newsblog","27":"tag-republikaner","28":"tag-schlagzeilen","29":"tag-schweiz","30":"tag-supreme-court","31":"tag-top-news","32":"tag-top-meldungen","33":"tag-topmeldungen","34":"tag-topnews","35":"tag-truth-social","36":"tag-us-kongress","37":"tag-us-repraesentantenhaus","38":"tag-usa","39":"tag-virginia","40":"tag-wahlkampf","41":"tag-weisses-haus","42":"tag-welt","43":"tag-world","44":"tag-zohran-mamdani","45":"tag-zoll"},"share_on_mastodon":{"url":"https:\/\/pubeurope.com\/@de\/115496450568671621","error":""},"_links":{"self":[{"href":"https:\/\/www.europesays.com\/de\/wp-json\/wp\/v2\/posts\/552531","targetHints":{"allow":["GET"]}}],"collection":[{"href":"https:\/\/www.europesays.com\/de\/wp-json\/wp\/v2\/posts"}],"about":[{"href":"https:\/\/www.europesays.com\/de\/wp-json\/wp\/v2\/types\/post"}],"author":[{"embeddable":true,"href":"https:\/\/www.europesays.com\/de\/wp-json\/wp\/v2\/users\/2"}],"replies":[{"embeddable":true,"href":"https:\/\/www.europesays.com\/de\/wp-json\/wp\/v2\/comments?post=552531"}],"version-history":[{"count":0,"href":"https:\/\/www.europesays.com\/de\/wp-json\/wp\/v2\/posts\/552531\/revisions"}],"wp:featuredmedia":[{"embeddable":true,"href":"https:\/\/www.europesays.com\/de\/wp-json\/wp\/v2\/media\/552532"}],"wp:attachment":[{"href":"https:\/\/www.europesays.com\/de\/wp-json\/wp\/v2\/media?parent=552531"}],"wp:term":[{"taxonomy":"category","embeddable":true,"href":"https:\/\/www.europesays.com\/de\/wp-json\/wp\/v2\/categories?post=552531"},{"taxonomy":"post_tag","embeddable":true,"href":"https:\/\/www.europesays.com\/de\/wp-json\/wp\/v2\/tags?post=552531"}],"curies":[{"name":"wp","href":"https:\/\/api.w.org\/{rel}","templated":true}]}}