{"id":552577,"date":"2025-11-05T10:10:19","date_gmt":"2025-11-05T10:10:19","guid":{"rendered":"https:\/\/www.europesays.com\/de\/552577\/"},"modified":"2025-11-05T10:10:19","modified_gmt":"2025-11-05T10:10:19","slug":"reform-uk-auf-dem-vormarsch-farages-partei-gewinnt-in-armenvierteln","status":"publish","type":"post","link":"https:\/\/www.europesays.com\/de\/552577\/","title":{"rendered":"Reform UK auf dem Vormarsch \u2013 Farages Partei gewinnt in Armenvierteln"},"content":{"rendered":"<p class=\"ArticleBodyText_articleBodyContent__17wqE typography_articleBody__3UcBa\" data-component=\"paragraph\">Abonnieren Sie auch unseren Newsletter F\u00fcnf Themen des Tages und erhalten Sie samstags das Hauptstadtgefl\u00fcster <a href=\"https:\/\/www.bloomberg.com\/account\/newsletters\/five-things-germany\" title=\"Mailbox\" target=\"_blank\" rel=\"noopener\" class=\"media-ui-Link_link-tVkXhPLPofs-\" data-component=\"link\">direkt in Ihre Mailbox<\/a>.<\/p>\n<p class=\"ArticleBodyText_articleBodyContent__17wqE typography_articleBody__3UcBa\" data-component=\"paragraph\">Die wirtschaftliche Unsicherheit in Gro\u00dfbritannien beschleunigt laut neuen Daten das Ende des traditionellen Zwei-Parteien-Systems. In den \u00e4rmsten Wahlkreisen Englands wenden sich immer mehr W\u00e4hler Nigel Farages Partei Reform UK zu.<\/p>\n","protected":false},"excerpt":{"rendered":"Abonnieren Sie auch unseren Newsletter F\u00fcnf Themen des Tages und erhalten Sie samstags das Hauptstadtgefl\u00fcster direkt in Ihre&hellip;\n","protected":false},"author":2,"featured_media":552578,"comment_status":"","ping_status":"","sticky":false,"template":"","format":"standard","meta":{"footnotes":""},"categories":[3976],"tags":[331,332,13935,175,13,14,15,12,3992,3993,3994,3995,3996,3997],"class_list":{"0":"post-552577","1":"post","2":"type-post","3":"status-publish","4":"format-standard","5":"has-post-thumbnail","7":"category-vereinigtes-koenigreich","8":"tag-aktuelle-nachrichten","9":"tag-aktuelle-news","10":"tag-brexit","11":"tag-business","12":"tag-headlines","13":"tag-nachrichten","14":"tag-news","15":"tag-schlagzeilen","16":"tag-uk","17":"tag-united-kingdom","18":"tag-united-kingdom-of-great-britain-and-northern-ireland","19":"tag-vereinigtes-koenigreich","20":"tag-vereinigtes-koenigreich-grossbritannien-und-nordirland","21":"tag-vereinigtes-koenigreich-von-grossbritannien-und-nordirland"},"share_on_mastodon":{"url":"https:\/\/pubeurope.com\/@de\/115496552090291539","error":""},"_links":{"self":[{"href":"https:\/\/www.europesays.com\/de\/wp-json\/wp\/v2\/posts\/552577","targetHints":{"allow":["GET"]}}],"collection":[{"href":"https:\/\/www.europesays.com\/de\/wp-json\/wp\/v2\/posts"}],"about":[{"href":"https:\/\/www.europesays.com\/de\/wp-json\/wp\/v2\/types\/post"}],"author":[{"embeddable":true,"href":"https:\/\/www.europesays.com\/de\/wp-json\/wp\/v2\/users\/2"}],"replies":[{"embeddable":true,"href":"https:\/\/www.europesays.com\/de\/wp-json\/wp\/v2\/comments?post=552577"}],"version-history":[{"count":0,"href":"https:\/\/www.europesays.com\/de\/wp-json\/wp\/v2\/posts\/552577\/revisions"}],"wp:featuredmedia":[{"embeddable":true,"href":"https:\/\/www.europesays.com\/de\/wp-json\/wp\/v2\/media\/552578"}],"wp:attachment":[{"href":"https:\/\/www.europesays.com\/de\/wp-json\/wp\/v2\/media?parent=552577"}],"wp:term":[{"taxonomy":"category","embeddable":true,"href":"https:\/\/www.europesays.com\/de\/wp-json\/wp\/v2\/categories?post=552577"},{"taxonomy":"post_tag","embeddable":true,"href":"https:\/\/www.europesays.com\/de\/wp-json\/wp\/v2\/tags?post=552577"}],"curies":[{"name":"wp","href":"https:\/\/api.w.org\/{rel}","templated":true}]}}