{"id":552739,"date":"2025-11-05T11:49:17","date_gmt":"2025-11-05T11:49:17","guid":{"rendered":"https:\/\/www.europesays.com\/de\/552739\/"},"modified":"2025-11-05T11:49:17","modified_gmt":"2025-11-05T11:49:17","slug":"kanadische-band-begeistert-bywater-call-in-bonn-aretha-laesst-gruessen-kreis-ahrweiler","status":"publish","type":"post","link":"https:\/\/www.europesays.com\/de\/552739\/","title":{"rendered":"Kanadische Band begeistert\u00a0: Bywater Call in Bonn: Aretha l\u00e4sst gr\u00fc\u00dfen &#8211; Kreis Ahrweiler"},"content":{"rendered":"<p>Kanadische Band begeistert\u00a0<\/p>\n<p>Bywater Call in Bonn: Aretha l\u00e4sst gr\u00fc\u00dfen<\/p>\n<p>05.11.2025, 12:00 Uhr<img loading=\"lazy\" decoding=\"async\" src=\"https:\/\/www.europesays.com\/de\/wp-content\/uploads\/2025\/11\/4163139_1_figurenolazy_bywater-call_7255_p.jpeg\" alt=\"\" title=\"\" width=\"960\" height=\"540\" class=\"img-fluid\"\/>iMeghan Parnell verf\u00fcgt \u00fcber eine fantastische Stimme, die mitunter durchaus an Aretha Franklin erinnert. Thomas K\u00f6lsch<\/p>\n<p class=\"teaser\">Mit stilistischer Vielfalt und vor allem einer gl\u00e4nzenden Frontfrau begeistert die kanadische Band Bywater Call das Publikum in der Bonner Harmonie. Unser Kritiker meint: Einer der besten Gigs der vergangenen Jahre.<\/p>\n<p> Aller guten Dinge sind drei, hei\u00dft es ja bekannterma\u00dfen. Das gilt offenbar auch f\u00fcr Konzerte. Nach einem ph\u00e4nomenalen Auftritt beim WDR Rockpalast Crossroads-Festival im Jahr 2023 sowie einer umjubelten R\u00fcckkehr der Kanadier anno 2024 ist die Formation um S\u00e4ngerin Meghan Parnell und Gitarrist Dave Bernes erneut nach Endenich gekommen \u2013 und erweist sich nicht nur in ihrer Heimat als st\u00e4rker denn je.<\/p>\n<p>Artikel teilen <\/p>\n<p>Ressort und Schlagw\u00f6rterKreis AhrweilerKultur<\/p>\n","protected":false},"excerpt":{"rendered":"Kanadische Band begeistert\u00a0 Bywater Call in Bonn: Aretha l\u00e4sst gr\u00fc\u00dfen 05.11.2025, 12:00 UhriMeghan Parnell verf\u00fcgt \u00fcber eine fantastische&hellip;\n","protected":false},"author":2,"featured_media":552740,"comment_status":"","ping_status":"","sticky":false,"template":"","format":"standard","meta":{"footnotes":""},"categories":[1842],"tags":[1741,3364,29,30,80,1209],"class_list":{"0":"post-552739","1":"post","2":"type-post","3":"status-publish","4":"format-standard","5":"has-post-thumbnail","7":"category-bonn","8":"tag-bonn","9":"tag-de","10":"tag-deutschland","11":"tag-germany","12":"tag-kultur","13":"tag-nordrhein-westfalen"},"share_on_mastodon":{"url":"https:\/\/pubeurope.com\/@de\/115496942061175556","error":""},"_links":{"self":[{"href":"https:\/\/www.europesays.com\/de\/wp-json\/wp\/v2\/posts\/552739","targetHints":{"allow":["GET"]}}],"collection":[{"href":"https:\/\/www.europesays.com\/de\/wp-json\/wp\/v2\/posts"}],"about":[{"href":"https:\/\/www.europesays.com\/de\/wp-json\/wp\/v2\/types\/post"}],"author":[{"embeddable":true,"href":"https:\/\/www.europesays.com\/de\/wp-json\/wp\/v2\/users\/2"}],"replies":[{"embeddable":true,"href":"https:\/\/www.europesays.com\/de\/wp-json\/wp\/v2\/comments?post=552739"}],"version-history":[{"count":0,"href":"https:\/\/www.europesays.com\/de\/wp-json\/wp\/v2\/posts\/552739\/revisions"}],"wp:featuredmedia":[{"embeddable":true,"href":"https:\/\/www.europesays.com\/de\/wp-json\/wp\/v2\/media\/552740"}],"wp:attachment":[{"href":"https:\/\/www.europesays.com\/de\/wp-json\/wp\/v2\/media?parent=552739"}],"wp:term":[{"taxonomy":"category","embeddable":true,"href":"https:\/\/www.europesays.com\/de\/wp-json\/wp\/v2\/categories?post=552739"},{"taxonomy":"post_tag","embeddable":true,"href":"https:\/\/www.europesays.com\/de\/wp-json\/wp\/v2\/tags?post=552739"}],"curies":[{"name":"wp","href":"https:\/\/api.w.org\/{rel}","templated":true}]}}