{"id":552778,"date":"2025-11-05T12:10:15","date_gmt":"2025-11-05T12:10:15","guid":{"rendered":"https:\/\/www.europesays.com\/de\/552778\/"},"modified":"2025-11-05T12:10:15","modified_gmt":"2025-11-05T12:10:15","slug":"zoo-frankfurt-freut-sich-ueber-nachwuchs-bei-den-erdferkeln","status":"publish","type":"post","link":"https:\/\/www.europesays.com\/de\/552778\/","title":{"rendered":"Zoo Frankfurt freut sich \u00fcber Nachwuchs bei den Erdferkeln"},"content":{"rendered":"<p>N\u00e4chster gro\u00dfer Zuchterfolg <\/p>\n<p>Frankfurter Zoo freut sich \u00fcber Erdferkel-Nachwuchs<\/p>\n<p>05.11.2025 &#8211; 13:00 UhrLesedauer: 2 Min.<\/p>\n<p><a href=\"#focus-0\" class=\"transition-colors duration-200 block text-current relative\" data-sctrack=\"FocusGalleryImage.Reference\"><img fetchpriority=\"high\" data-testid=\"Opener.Image\" style=\"--lqipURL:url('https:\/\/images.t-online.de\/2025\/11\/u-YqJ82Ted56\/0x544:4000x2250\/fit-in\/150x0\/filters:blur(25)\/image.jpg')\"   loading=\"eager\" src=\"https:\/\/www.europesays.com\/de\/wp-content\/uploads\/2025\/11\/1762344615_319_image.jpg\" alt=\"Riesige Pfoten und Ohren hat das Erdferkel-Junge im Zoo Frankfurt. Es ist erst wenige Wochen alt. Ausgewachsen werden Erdferkel bis zu 1,40 Meter gro\u00df.\" title=\"Riesige Pfoten und Ohren hat das Erdferkel-Junge im Zoo Frankfurt. Es ist erst wenige Wochen alt. Ausgewachsen werden Erdferkel bis zu 1,40 Meter gro\u00df.\" width=\"4000\" height=\"2250\" class=\"bg-[url:var(--lqipURL)] bg-cover bg-center flex h-full w-full max-w-full\" decoding=\"async\"\/><img style=\"--width:32;--height:32\" loading=\"lazy\" src=\"https:\/\/frankfurt.t-online.de\/s\/paper\/_next\/static\/media\/zoom-in.f7dae02f.svg\" alt=\"Vergr\u00f6\u00dfern des Bildes\" title=\"Vergr\u00f6\u00dfern des Bildes\" class=\"block h-[calc(var(--height)_\/_16_*_1rem)] w-[calc(var(--width)_\/_16_*_1rem)] max-w-none absolute bottom-8 right-8 rounded-4 bg-snow p-8\" decoding=\"async\"\/><\/a><\/p>\n<p>Riesige Pfoten und Ohren hat das Erdferkel-Junge im Zoo Frankfurt. Es ist erst wenige Wochen alt. Ausgewachsen werden Erdferkel bis zu 1,40 Meter gro\u00df. (Quelle: Zoo Frankfurt)<\/p>\n<p class=\"font-bold text-18 leading-17\">Im Frankfurter Zoo gibt es wieder Nachwuchs bei den nachtaktiven Erdferkeln. Das Weibchen Ermine brachte ein Jungtier zur Welt \u2013 ein gro\u00dfer Zuchterfolg.<\/p>\n<p class=\"text-18 leading-17\">Freude im Zoo Frankfurt: Ende September wurde dort erneut ein Erdferkel-Jungtier geboren. Mutter Ermine, 17 Jahre alt, ist bereits erfahren \u2013 es ist ihre achte Geburt. Vater ist der 2002 geborene Irmo. Das Junge, ein Weibchen, kam am 30. September zur Welt und w\u00e4chst seitdem im Nachttierhaus &#8222;Grzimekhaus&#8220; auf. Wie der Zoo verriet, legt das Tier pro Tag rund 200 Gramm zu.<\/p>\n<p class=\"text-18 leading-17\">Mit insgesamt 37 Erdferkelgeburten in 60 Jahren geh\u00f6rt der Zoo Frankfurt zu den erfolgreichsten Einrichtungen weltweit bei der Zucht dieser ungew\u00f6hnlichen Tierart. Bereits 1962 gelang hier die Welterstzucht.<\/p>\n<p class=\"text-18 leading-17\">Die Erdferkel (Orycteropus afer) sind nachtaktive S\u00e4ugetiere aus Afrika \u2013 mit ihrem langen R\u00fcssel, gro\u00dfen Ohren und kr\u00e4ftigen K\u00f6rpern wirken sie beinahe wie Fabelwesen. Sie sp\u00fcren mit ihrer empfindlichen Schnauze Ameisen und Termiten im Boden auf und geh\u00f6ren zur seltenen Ordnung der R\u00f6hrenz\u00e4hner.<\/p>\n<p class=\"text-18 leading-17\">Kultur- und Wissenschaftsdezernentin Ina Hartwig findet: &#8222;Es ist sch\u00f6n, dass es bei den beliebten Erdferkeln wieder Nachwuchs gibt. Die Art ist zweifellos ein Highlight der gro\u00dfen Nachtabteilung im Grzimekhaus&#8220;, sagte. In Deutschland sind Erdferkel derzeit nur in den Zoos von Frankfurt, Berlin, Halle, K\u00f6ln und Saarbr\u00fccken zu sehen.<\/p>\n<p class=\"text-18 leading-17\">Zoodirektorin Christina Geiger, die als tiermedizinische Beraterin f\u00fcr das europ\u00e4ische Zuchtbuch t\u00e4tig ist, betont die wissenschaftliche Bedeutung der Haltung: &#8222;Erdferkel sind in der Natur schwer zu beobachten. Viele Erkenntnisse \u00fcber ihr Verhalten und ihre Anatomie stammen aus der Arbeit in Zoos.&#8220;<\/p>\n<p class=\"text-18 leading-17\">Im Nachttierhaus lebt das Jungtier zun\u00e4chst in einer gesch\u00fctzten Wurfbox, in der es von der Mutter regelm\u00e4\u00dfig ges\u00e4ugt wird. Erst wenn es stabil genug ist, wird es f\u00fcr Besucher zu sehen sein.<\/p>\n","protected":false},"excerpt":{"rendered":"N\u00e4chster gro\u00dfer Zuchterfolg Frankfurter Zoo freut sich \u00fcber Erdferkel-Nachwuchs 05.11.2025 &#8211; 13:00 UhrLesedauer: 2 Min. Riesige Pfoten und&hellip;\n","protected":false},"author":2,"featured_media":552779,"comment_status":"","ping_status":"","sticky":false,"template":"","format":"standard","meta":{"footnotes":""},"categories":[1829],"tags":[722,29,2050,2051,30,2052,82382,19669,44961,82612],"class_list":{"0":"post-552778","1":"post","2":"type-post","3":"status-publish","4":"format-standard","5":"has-post-thumbnail","7":"category-frankfurt-am-main","8":"tag-722","9":"tag-deutschland","10":"tag-frankfurt","11":"tag-frankfurt-am-main","12":"tag-germany","13":"tag-hessen","14":"tag-pfote","15":"tag-weibchen","16":"tag-zoo-frankfurt","17":"tag-zuchterfolg"},"share_on_mastodon":{"url":"https:\/\/pubeurope.com\/@de\/115497025566921588","error":""},"_links":{"self":[{"href":"https:\/\/www.europesays.com\/de\/wp-json\/wp\/v2\/posts\/552778","targetHints":{"allow":["GET"]}}],"collection":[{"href":"https:\/\/www.europesays.com\/de\/wp-json\/wp\/v2\/posts"}],"about":[{"href":"https:\/\/www.europesays.com\/de\/wp-json\/wp\/v2\/types\/post"}],"author":[{"embeddable":true,"href":"https:\/\/www.europesays.com\/de\/wp-json\/wp\/v2\/users\/2"}],"replies":[{"embeddable":true,"href":"https:\/\/www.europesays.com\/de\/wp-json\/wp\/v2\/comments?post=552778"}],"version-history":[{"count":0,"href":"https:\/\/www.europesays.com\/de\/wp-json\/wp\/v2\/posts\/552778\/revisions"}],"wp:featuredmedia":[{"embeddable":true,"href":"https:\/\/www.europesays.com\/de\/wp-json\/wp\/v2\/media\/552779"}],"wp:attachment":[{"href":"https:\/\/www.europesays.com\/de\/wp-json\/wp\/v2\/media?parent=552778"}],"wp:term":[{"taxonomy":"category","embeddable":true,"href":"https:\/\/www.europesays.com\/de\/wp-json\/wp\/v2\/categories?post=552778"},{"taxonomy":"post_tag","embeddable":true,"href":"https:\/\/www.europesays.com\/de\/wp-json\/wp\/v2\/tags?post=552778"}],"curies":[{"name":"wp","href":"https:\/\/api.w.org\/{rel}","templated":true}]}}