{"id":552924,"date":"2025-11-05T13:29:10","date_gmt":"2025-11-05T13:29:10","guid":{"rendered":"https:\/\/www.europesays.com\/de\/552924\/"},"modified":"2025-11-05T13:29:10","modified_gmt":"2025-11-05T13:29:10","slug":"flughafen-stuttgart-verliert-auch-drehkreuz-verbindung-von-british-airways","status":"publish","type":"post","link":"https:\/\/www.europesays.com\/de\/552924\/","title":{"rendered":"Flughafen Stuttgart verliert auch Drehkreuz-Verbindung von British Airways"},"content":{"rendered":"\n<p>Ende September teilte der Flughafen Stuttgart mit, dass Air France ihre Direktverbindung nach Paris zum Ende des Winterflugplans 2025\/26 einstellen wird. Als Grund nannte der Flughafen die zunehmende Attraktivit\u00e4t von Hochgeschwindigkeitsz\u00fcgen auf der Strecke und die ver\u00e4nderten Marktbedingungen.<\/p>\n<p>Nach Air France zieht sich jetzt auch British Airways aus Stuttgart zur\u00fcck. Auch die Briten werden die Verbindung ab dem Sommerflugplan 2026 nicht mehr anbieten. Das best\u00e4tigte der Flughafen gegen\u00fcber aeroTELEGRAPH. Die Entscheidung sei bedauerlich, aber nachvollziehbar, so ein Sprecher. Wegen hoher staatlicher Standortkosten w\u00fcrden sich viele Airlines verst\u00e4rkt auf M\u00e4rkte au\u00dferhalb Deutschlands konzentrieren.<\/p>\n<p>Lufthansa, KLM und Turkish Airlines bleiben in Stuttgart<\/p>\n<p>Der <a href=\"https:\/\/www.aerotelegraph.com\/tags\/flughafen-stuttgart\" id=\"b4031101-d0db-4e34-9082-f4914247983c\" rel=\"nofollow noopener\" target=\"_blank\">Flughafen Stuttgart<\/a> betont, dass die London-Anbindung weiter bestehen bleibe. Eurowings fliegt die Strecke mehrmals t\u00e4glich. \u00abF\u00fcr Umsteiger in die Langstrecke gibt es zudem attraktive Alternativen, etwa \u00fcber die Lufthansa-Drehkreuze Frankfurt und M\u00fcnchen oder andere Hubs\u00bb, so der Sprecher weiter. <\/p>\n<p>en Lufthansa bieten KLM und Turkish Airlines auch im kommenden Sommer Umsteigeverbindungen \u00fcber ihre Drehkreuze in Amsterdam und Istanbul.<\/p>\n","protected":false},"excerpt":{"rendered":"Ende September teilte der Flughafen Stuttgart mit, dass Air France ihre Direktverbindung nach Paris zum Ende des Winterflugplans&hellip;\n","protected":false},"author":2,"featured_media":552925,"comment_status":"","ping_status":"","sticky":false,"template":"","format":"standard","meta":{"footnotes":""},"categories":[1830],"tags":[1634,68370,3364,29,12820,30,1441],"class_list":{"0":"post-552924","1":"post","2":"type-post","3":"status-publish","4":"format-standard","5":"has-post-thumbnail","7":"category-stuttgart","8":"tag-baden-wuerttemberg","9":"tag-british-airways","10":"tag-de","11":"tag-deutschland","12":"tag-flughafen-stuttgart","13":"tag-germany","14":"tag-stuttgart"},"share_on_mastodon":{"url":"https:\/\/pubeurope.com\/@de\/115497334669514765","error":""},"_links":{"self":[{"href":"https:\/\/www.europesays.com\/de\/wp-json\/wp\/v2\/posts\/552924","targetHints":{"allow":["GET"]}}],"collection":[{"href":"https:\/\/www.europesays.com\/de\/wp-json\/wp\/v2\/posts"}],"about":[{"href":"https:\/\/www.europesays.com\/de\/wp-json\/wp\/v2\/types\/post"}],"author":[{"embeddable":true,"href":"https:\/\/www.europesays.com\/de\/wp-json\/wp\/v2\/users\/2"}],"replies":[{"embeddable":true,"href":"https:\/\/www.europesays.com\/de\/wp-json\/wp\/v2\/comments?post=552924"}],"version-history":[{"count":0,"href":"https:\/\/www.europesays.com\/de\/wp-json\/wp\/v2\/posts\/552924\/revisions"}],"wp:featuredmedia":[{"embeddable":true,"href":"https:\/\/www.europesays.com\/de\/wp-json\/wp\/v2\/media\/552925"}],"wp:attachment":[{"href":"https:\/\/www.europesays.com\/de\/wp-json\/wp\/v2\/media?parent=552924"}],"wp:term":[{"taxonomy":"category","embeddable":true,"href":"https:\/\/www.europesays.com\/de\/wp-json\/wp\/v2\/categories?post=552924"},{"taxonomy":"post_tag","embeddable":true,"href":"https:\/\/www.europesays.com\/de\/wp-json\/wp\/v2\/tags?post=552924"}],"curies":[{"name":"wp","href":"https:\/\/api.w.org\/{rel}","templated":true}]}}