{"id":553007,"date":"2025-11-05T14:15:14","date_gmt":"2025-11-05T14:15:14","guid":{"rendered":"https:\/\/www.europesays.com\/de\/553007\/"},"modified":"2025-11-05T14:15:14","modified_gmt":"2025-11-05T14:15:14","slug":"erste-punkte-fuer-die-zweite-der-suedwest-baskets-wuppertal","status":"publish","type":"post","link":"https:\/\/www.europesays.com\/de\/553007\/","title":{"rendered":"Erste Punkte f\u00fcr die Zweite der S\u00fcdwest Baskets Wuppertal"},"content":{"rendered":"<p class=\"text_ohne_einzug richtext text-em-55 !leading-serif mx-6 desktop:mx-0\"><strong class=\"font-bold dark:text-white-solid\">Oberliga-Herren, S\u00fcdwest Baskets II \u2013 TV Grafenberg 84:71.<\/strong> Erster Erfolg f\u00fcr die jungen Baskets am f\u00fcnften Spieltag der Saison. Im Duell der beiden noch sieglosen Teams setzten sich die Wuppertaler am Dienstagabend vor allem aufgrund der besseren Fitness durch. \u201eWir konnten mit zw\u00f6lf Leuten \u00fcber 40 Minuten Vollgas geben. Das war der Unterschied\u201c, betonte S\u00fcdwest-Trainer Carsten J\u00fcrgens. Mit Tim Ludwig, Ilja Grams, Lambert Brokamp und Daron Khoranian verst\u00e4rkten gleich vier Spieler aus der Ersten die Mannschaft. Zudem ist ab sofort auch R\u00fcckkehrer Grigoriy Borshchiver von BBA Hagen neu mit dabei. Der 17-J\u00e4hrige spielt k\u00fcnftig sowohl in der Zweiten als auch in der U18. In einer lange Zeit engen Partie bereiteten die G\u00e4ste aus D\u00fcsseldorf den Baskets vor allem unter den K\u00f6rben Probleme. \u201eDort hatten wir eine Rebound-Unterlegenheit. Wir taten uns damit gerade am Anfang schwer. Da hatte Grafenberg viele zweite und dritte Chancen. Im Laufe des Spiels wurde es besser\u201c, so J\u00fcrgens. Insbesondere Ludwig und Grams rissen dann auch das Offensivspiel an sich und lie\u00dfen die Wuppertaler zum Schluss jubeln.  pdk<\/p>\n","protected":false},"excerpt":{"rendered":"Oberliga-Herren, S\u00fcdwest Baskets II \u2013 TV Grafenberg 84:71. Erster Erfolg f\u00fcr die jungen Baskets am f\u00fcnften Spieltag der&hellip;\n","protected":false},"author":2,"featured_media":553008,"comment_status":"","ping_status":"","sticky":false,"template":"","format":"standard","meta":{"footnotes":""},"categories":[1840],"tags":[9252,134249,134248,3364,29,30,14472,134247,134250,62566,1209,28194,4418,6226,20335],"class_list":{"0":"post-553007","1":"post","2":"type-post","3":"status-publish","4":"format-standard","5":"has-post-thumbnail","7":"category-wuppertal","8":"tag-baskets","9":"tag-borshchiver","10":"tag-brokamp","11":"tag-de","12":"tag-deutschland","13":"tag-germany","14":"tag-grafenberg","15":"tag-grams","16":"tag-khoranian","17":"tag-ludwig","18":"tag-nordrhein-westfalen","19":"tag-suedwest","20":"tag-wuppertal","21":"tag-wuppertaler","22":"tag-zweite"},"share_on_mastodon":{"url":"https:\/\/pubeurope.com\/@de\/115497515400315508","error":""},"_links":{"self":[{"href":"https:\/\/www.europesays.com\/de\/wp-json\/wp\/v2\/posts\/553007","targetHints":{"allow":["GET"]}}],"collection":[{"href":"https:\/\/www.europesays.com\/de\/wp-json\/wp\/v2\/posts"}],"about":[{"href":"https:\/\/www.europesays.com\/de\/wp-json\/wp\/v2\/types\/post"}],"author":[{"embeddable":true,"href":"https:\/\/www.europesays.com\/de\/wp-json\/wp\/v2\/users\/2"}],"replies":[{"embeddable":true,"href":"https:\/\/www.europesays.com\/de\/wp-json\/wp\/v2\/comments?post=553007"}],"version-history":[{"count":0,"href":"https:\/\/www.europesays.com\/de\/wp-json\/wp\/v2\/posts\/553007\/revisions"}],"wp:featuredmedia":[{"embeddable":true,"href":"https:\/\/www.europesays.com\/de\/wp-json\/wp\/v2\/media\/553008"}],"wp:attachment":[{"href":"https:\/\/www.europesays.com\/de\/wp-json\/wp\/v2\/media?parent=553007"}],"wp:term":[{"taxonomy":"category","embeddable":true,"href":"https:\/\/www.europesays.com\/de\/wp-json\/wp\/v2\/categories?post=553007"},{"taxonomy":"post_tag","embeddable":true,"href":"https:\/\/www.europesays.com\/de\/wp-json\/wp\/v2\/tags?post=553007"}],"curies":[{"name":"wp","href":"https:\/\/api.w.org\/{rel}","templated":true}]}}