{"id":553117,"date":"2025-11-05T15:17:14","date_gmt":"2025-11-05T15:17:14","guid":{"rendered":"https:\/\/www.europesays.com\/de\/553117\/"},"modified":"2025-11-05T15:17:14","modified_gmt":"2025-11-05T15:17:14","slug":"nach-sexpuppen-skandal-frankreich-will-shein-sperren-2","status":"publish","type":"post","link":"https:\/\/www.europesays.com\/de\/553117\/","title":{"rendered":"Nach Sexpuppen-Skandal: Frankreich will Shein sperren"},"content":{"rendered":"<p>            <img loading=\"lazy\" decoding=\"async\" class=\"ts-image\" src=\"https:\/\/www.europesays.com\/de\/wp-content\/uploads\/2025\/11\/1762355834_764_protest-shein-100.jpg\" alt=\"Ein Demonstrant h\u00e4lt ein Bild einer kindlichen Sexpuppe vor dem Kaufhaus BHV Marais in Paris.\" title=\"Ein Demonstrant h\u00e4lt ein Bild einer kindlichen Sexpuppe vor dem Kaufhaus BHV Marais in Paris. | AP\"\/><\/p>\n<p class=\"metatextline\">Stand: 05.11.2025 15:59 Uhr<\/p>\n<p class=\"textabsatz columns twelve  m-ten  m-offset-one l-eight l-offset-two\">\n        <strong>Frankreich will den umstrittenen Onlineh\u00e4ndler Shein vorl\u00e4ufig sperren. Grund ist der Skandal um Sexpuppen, die wie Kinder aussehen. Die Regierung habe ein entsprechendes Verfahren eingeleitet, teilte das B\u00fcro von Premierminister Lecornu mit.<\/strong>\n    <\/p>\n<p class=\"textabsatz m-ten m-offset-one l-eight l-offset-two columns twelve\">Wegen eines Skandals um Sexpuppen, die wie Kinder aussehen, will die franz\u00f6sische Regierung den umstrittenen Onlineh\u00e4ndler Shein vorl\u00e4ufig sperren. Die Regierung habe ein entsprechendes Verfahren eingeleitet, teilte das B\u00fcro von Premierminister S\u00e9bastien Lecornu in Paris mit.<\/p>\n<p class=\"textabsatz m-ten m-offset-one l-eight l-offset-two columns twelve\">Die Plattform solle in Frankreich so lange gesperrt bleiben, bis das Unternehmen sich nachweislich an franz\u00f6sisches Recht halte. Die zust\u00e4ndigen Minister sollen demnach innerhalb von 48 Stunden einen Zwischenbericht vorlegen.<\/p>\n<p class=\"textabsatz m-ten m-offset-one l-eight l-offset-two columns twelve\">Die Ank\u00fcndigung, die nur die Online-Plattform betrifft, fiel zeitlich mit der Er\u00f6ffnung des <a href=\"https:\/\/www.tagesschau.de\/wirtschaft\/unternehmen\/shein-paris-marais-100.html\" title=\"Billiganbieter Shein er\u00f6ffnet Laden in Paris - und emp\u00f6rt Franzosen\" rel=\"nofollow noopener\" target=\"_blank\">weltweit ersten dauerhaften Gesch\u00e4fts innerhalb eines Pariser Kaufhauses<\/a> zusammen. Diese war wegen der Umwelt- und Sozialbilanz des Unternehmens von heftigen Protesten begleitet worden.\u00a0Die Modemarke agnes b. gab aus Protest gegen die Zusammenarbeit mit Shein ihren R\u00fcckzug aus dem BHV-Kaufhaus bekannt.\u00a0<\/p>\n<p class=\"textabsatz m-ten m-offset-one l-eight l-offset-two columns twelve\">Shein k\u00fcndigte seinerseits an, in Frankreich bis auf weiteres keine Produkte von Drittanbietern mehr zu vermarkten. Unterdessen appellierten mehrere Abgeordnete der franz\u00f6sischen Nationalversammlung an die EU-Kommission, die Regeln f\u00fcr Onlineh\u00e4ndler und die damit verbundenen Sanktionen zu versch\u00e4rfen.<\/p>\n<p>    Skandal um Sexpuppen<\/p>\n<p class=\"textabsatz m-ten m-offset-one l-eight l-offset-two columns twelve\">In den vergangenen Tagen war das Unternehmen ins Visier der franz\u00f6sischen Justiz geraten, weil es Sexpuppen anbot, die M\u00e4dchen im Grundschulalter \u00e4hnelten. Die etwa 80 Zentimeter gro\u00dfe Puppe, die einen Teddy im Arm h\u00e4lt, war f\u00fcr knapp 190 Euro als &#8222;Spielzeug f\u00fcr die m\u00e4nnliche Masturbation&#8220; angeboten worden.<\/p>\n<p class=\"textabsatz m-ten m-offset-one l-eight l-offset-two columns twelve\">Frankreichs Regierung drohte der Plattform daraufhin mit einer Seitensperre, sollte sich das Verhalten wiederholen. Franz\u00f6sischen Medienberichten zufolge wurde mittlerweile ein Mann in Frankreich festgenommen, der eine solche Puppe bestellt hatte. Die franz\u00f6sische Staatsanwaltschaft ermittelt nun wegen der Verbreitung von Darstellungen Minderj\u00e4hriger mit pornografischem Charakter gegen Shein und den chinesischen Versandh\u00e4ndler AliExpress.<\/p>\n<p class=\"textabsatz m-ten m-offset-one l-eight l-offset-two columns twelve\">Shein verwies auf einen internen Fehler und sagte die Zusammenarbeit mit der Justiz zu. S\u00e4mtliche Sexpuppen seien aus dem Angebot genommen worden, teilte das Unternehmen mit. Es sollten au\u00dferdem s\u00e4mtliche Produkte f\u00fcr Erwachsene \u00fcberpr\u00fcft werden.<\/p>\n<p class=\"textabsatz m-ten m-offset-one l-eight l-offset-two columns twelve\">Shein ist ein Online-Modeunternehmen, das urspr\u00fcnglich in China gegr\u00fcndet wurde, mittlerweile aber international t\u00e4tig ist, und seinen Hauptsitz in Singapur hat.<\/p>\n","protected":false},"excerpt":{"rendered":"Stand: 05.11.2025 15:59 Uhr Frankreich will den umstrittenen Onlineh\u00e4ndler Shein vorl\u00e4ufig sperren. Grund ist der Skandal um Sexpuppen,&hellip;\n","protected":false},"author":2,"featured_media":553118,"comment_status":"","ping_status":"","sticky":false,"template":"","format":"standard","meta":{"footnotes":""},"categories":[5],"tags":[1764,13,14,15,12,10,8,9,11],"class_list":{"0":"post-553117","1":"post","2":"type-post","3":"status-publish","4":"format-standard","5":"has-post-thumbnail","7":"category-nachrichten","8":"tag-eilmeldung","9":"tag-headlines","10":"tag-nachrichten","11":"tag-news","12":"tag-schlagzeilen","13":"tag-top-news","14":"tag-top-meldungen","15":"tag-topmeldungen","16":"tag-topnews"},"share_on_mastodon":{"url":"https:\/\/pubeurope.com\/@de\/115497759796617790","error":""},"_links":{"self":[{"href":"https:\/\/www.europesays.com\/de\/wp-json\/wp\/v2\/posts\/553117","targetHints":{"allow":["GET"]}}],"collection":[{"href":"https:\/\/www.europesays.com\/de\/wp-json\/wp\/v2\/posts"}],"about":[{"href":"https:\/\/www.europesays.com\/de\/wp-json\/wp\/v2\/types\/post"}],"author":[{"embeddable":true,"href":"https:\/\/www.europesays.com\/de\/wp-json\/wp\/v2\/users\/2"}],"replies":[{"embeddable":true,"href":"https:\/\/www.europesays.com\/de\/wp-json\/wp\/v2\/comments?post=553117"}],"version-history":[{"count":0,"href":"https:\/\/www.europesays.com\/de\/wp-json\/wp\/v2\/posts\/553117\/revisions"}],"wp:featuredmedia":[{"embeddable":true,"href":"https:\/\/www.europesays.com\/de\/wp-json\/wp\/v2\/media\/553118"}],"wp:attachment":[{"href":"https:\/\/www.europesays.com\/de\/wp-json\/wp\/v2\/media?parent=553117"}],"wp:term":[{"taxonomy":"category","embeddable":true,"href":"https:\/\/www.europesays.com\/de\/wp-json\/wp\/v2\/categories?post=553117"},{"taxonomy":"post_tag","embeddable":true,"href":"https:\/\/www.europesays.com\/de\/wp-json\/wp\/v2\/tags?post=553117"}],"curies":[{"name":"wp","href":"https:\/\/api.w.org\/{rel}","templated":true}]}}