{"id":553143,"date":"2025-11-05T15:31:11","date_gmt":"2025-11-05T15:31:11","guid":{"rendered":"https:\/\/www.europesays.com\/de\/553143\/"},"modified":"2025-11-05T15:31:11","modified_gmt":"2025-11-05T15:31:11","slug":"d-priester-im-bistum-muenster-freigestellt","status":"publish","type":"post","link":"https:\/\/www.europesays.com\/de\/553143\/","title":{"rendered":"D: Priester im Bistum M\u00fcnster freigestellt"},"content":{"rendered":"<p>Gegen einen Priester im Bistum M\u00fcnster l\u00e4uft ein Strafverfahren wegen Bel\u00e4stigungsvorw\u00fcrfen. Die Di\u00f6zese hat den Geistlichen vorl\u00e4ufig aus dem Dienst genommen und kirchenrechtliche Schritte eingeleitet.<\/p>\n<p>     <a href=\"https:\/\/www.vaticannews.va\/de\/kirche\/news\/2025-11\/d-ukrainischer-bischof-dankt-in-muenchen-fuer-hilfe.html\" title=\"D: Ukrainischer Bischof dankt in M\u00fcnchen f\u00fcr Hilfe\" target=\"_blank\" rel=\"noopener\"><\/p>\n<p>        <img decoding=\"async\" src=\"data:image\/gif;base64,R0lGODlhAQABAIAAAAAAAP\/\/\/yH5BAEAAAAALAAAAAABAAEAAAIBRAA7\" data-original=\"https:\/\/www.vaticannews.va\/content\/dam\/vaticannews\/agenzie\/images\/afp\/2025\/10\/31\/22\/1761944588158.jpg\/_jcr_content\/renditions\/cq5dam.thumbnail.cropped.500.281.jpeg\" alt=\"D: Ukrainischer Bischof dankt in M\u00fcnchen f\u00fcr Hilfe\"\/><\/p>\n<p>      <\/a><\/p>\n<p>\n      Die psychische Belastung der Menschen in der Ukraine ist aufgrund des russischen Angriffskriegs sehr gro\u00df. Pawlo Hontscharuk, Bischof von Charkiw im Osten der Ukraine, dankte dem &#8230;\n     <\/p>\n<p>Das katholische Bistum M\u00fcnster hat den Priester freigestellt. Gegen den Geistlichen vom Niederrhein l\u00e4uft ein Strafverfahren wegen sexueller Bel\u00e4stigung in Tateinheit mit N\u00f6tigung, wie das Bistum am Mittwoch mitteilte. Ihm seien daher alle priesterlichen und seelsorgerlichen T\u00e4tigkeiten verboten. Zudem d\u00fcrfe er sich nicht an seinem bisherigen Wirkungsort aufhalten und keinen Kontakt zu einer betroffenen Person haben.<\/p>\n<p>Der \u00dcbergangsverwalter des Bistums, Di\u00f6zesanadministrator Antonius Hamers, habe ein entsprechendes Dekret unterzeichnet. Zudem sei eine kirchenrechtliche Voruntersuchung eingeleitet worden.<\/p>\n<p>(kna\/pm &#8211; bl)<\/p>\n","protected":false},"excerpt":{"rendered":"Gegen einen Priester im Bistum M\u00fcnster l\u00e4uft ein Strafverfahren wegen Bel\u00e4stigungsvorw\u00fcrfen. Die Di\u00f6zese hat den Geistlichen vorl\u00e4ufig aus&hellip;\n","protected":false},"author":2,"featured_media":553144,"comment_status":"","ping_status":"","sticky":false,"template":"","format":"standard","meta":{"footnotes":""},"categories":[1843],"tags":[3364,29,105331,30,1000,6590,1584,8970,1209,53352],"class_list":{"0":"post-553143","1":"post","2":"type-post","3":"status-publish","4":"format-standard","5":"has-post-thumbnail","7":"category-muenster","8":"tag-de","9":"tag-deutschland","10":"tag-dioezese","11":"tag-germany","12":"tag-gewalt","13":"tag-katholische-kirche","14":"tag-kriminalitaet","15":"tag-muenster","16":"tag-nordrhein-westfalen","17":"tag-priester"},"share_on_mastodon":{"url":"https:\/\/pubeurope.com\/@de\/115497814344136983","error":""},"_links":{"self":[{"href":"https:\/\/www.europesays.com\/de\/wp-json\/wp\/v2\/posts\/553143","targetHints":{"allow":["GET"]}}],"collection":[{"href":"https:\/\/www.europesays.com\/de\/wp-json\/wp\/v2\/posts"}],"about":[{"href":"https:\/\/www.europesays.com\/de\/wp-json\/wp\/v2\/types\/post"}],"author":[{"embeddable":true,"href":"https:\/\/www.europesays.com\/de\/wp-json\/wp\/v2\/users\/2"}],"replies":[{"embeddable":true,"href":"https:\/\/www.europesays.com\/de\/wp-json\/wp\/v2\/comments?post=553143"}],"version-history":[{"count":0,"href":"https:\/\/www.europesays.com\/de\/wp-json\/wp\/v2\/posts\/553143\/revisions"}],"wp:featuredmedia":[{"embeddable":true,"href":"https:\/\/www.europesays.com\/de\/wp-json\/wp\/v2\/media\/553144"}],"wp:attachment":[{"href":"https:\/\/www.europesays.com\/de\/wp-json\/wp\/v2\/media?parent=553143"}],"wp:term":[{"taxonomy":"category","embeddable":true,"href":"https:\/\/www.europesays.com\/de\/wp-json\/wp\/v2\/categories?post=553143"},{"taxonomy":"post_tag","embeddable":true,"href":"https:\/\/www.europesays.com\/de\/wp-json\/wp\/v2\/tags?post=553143"}],"curies":[{"name":"wp","href":"https:\/\/api.w.org\/{rel}","templated":true}]}}