{"id":553184,"date":"2025-11-05T15:53:22","date_gmt":"2025-11-05T15:53:22","guid":{"rendered":"https:\/\/www.europesays.com\/de\/553184\/"},"modified":"2025-11-05T15:53:22","modified_gmt":"2025-11-05T15:53:22","slug":"hannover-96-adventsfeier-mit-weltmeister-klose-in-nuernberg-sport","status":"publish","type":"post","link":"https:\/\/www.europesays.com\/de\/553184\/","title":{"rendered":"Hannover 96: Adventsfeier mit Weltmeister Klose in N\u00fcrnberg | Sport"},"content":{"rendered":"<p>L\u00e4ngst liegen Lebkuchen und Schoko-Nikol\u00e4use in den Superm\u00e4rkten. Und auch Fu\u00dfball-Fans k\u00f6nnen jetzt anfangen, sich mit Weihnachten zu besch\u00e4ftigen.<\/p>\n<p>Die DFL hat die Spieltage 15 bis 19 terminiert. Gespannt warteten die Fans von <a href=\"https:\/\/www.bild.de\/sport\/fussball\/hannover-96\/startseite-hannover-96-31074452.bild.html\" class=\"text-link\" target=\"_blank\" rel=\"noopener\">Hannover 96<\/a>, wann ihre Mannschaft am 17. Spieltag in N\u00fcrnberg antreten muss. Es ist der Sonntag geworden \u2013 Anpfiff ist am 21. Dezember um 13.30 Uhr.<\/p>\n<p>Was f\u00fcr ein Hammer!: Traum-Volley aus 20 Metern geht viral<a class=\"anchor video-teaser__anchor\" href=\"https:\/\/www.bild.de\/sport\/fussball\/was-fuer-ein-hammer-traum-volley-aus-20-metern-geht-viral-690b45000580923d09988131\" target=\"_blank\" rel=\"noopener\"><img decoding=\"async\" width=\"992\" height=\"558\" alt=\"\" src=\"https:\/\/www.europesays.com\/de\/wp-content\/uploads\/2025\/11\/45bda6bf79bfbd6f896ec72f3b26d012-landscape,4e24014\"   class=\"landscape teaser__image\" loading=\"lazy\"\/><\/a><\/p>\n<p>Quelle: BILD05.11.2025<\/p>\n<p>Adventsfeier mit Weltmeister Miro Klose<\/p>\n<p>Am 4. Advent m\u00fcssen Enzo Leopold (25) und seine Kollegen also zum letzten Mal in diesem Jahr auflaufen \u2013 und hoffen, dass es anschlie\u00dfend nicht nur Weihnachten zu feiern gibt. Trainer der N\u00fcrnberger ist seit 2024 Weltmeister Miroslav Klose (47).<\/p>\n<p>Auch interessant<\/p>\n<p>Anzeige<\/p>\n<p>Auch interessant<\/p>\n<p>Anzeige<\/p>\n<p>N\u00fcrnberg gegen Hannover 96 ist gemeinsam mit M\u00fcnster gegen Elversberg und Braunschweig gegen Schalke das letzte Spiel 2025.<\/p>\n<p><b>Vor einem Jahr spielten die Roten ebenfalls am 4. Advent. Nach dem 0:0 zu Hause gegen Hertha fielen die Roten auf Platz 7 zur\u00fcck. Trainer Stefan Leitl (47\/inzwischen in Berlin) wurde trotz nur zwei Punkten R\u00fcckstand auf den 2. Rang kurz nach Weihnachten entlassen.<\/b><\/p>\n<p>Inzwischen ist Hannover 96 Zweitliga-Dino, spielt ebenso wie Karlsruhe und N\u00fcrnberg seine siebte Zweitliga-Saison in Folge. Diese Saison soll es endlich mit dem Aufstieg klappen.<\/p>\n<p>Als Vierter liegt das Team von Trainer Christian Titz (54) vor den Spielen gegen Darmstadt (Samstag, 13 Uhr) und bei \u00dcberraschungs-Tabellenf\u00fchrer Paderborn (Samstag, 22.11., 13 Uhr) in Lauerstellung.<\/p>\n<p><b>Angesetzt hat die DFL jetzt auch die Partien in M\u00fcnster (Freitag, 5.12., 18.30 Uhr), gegen Bochum (Samstag, 13.12., 20.30 Uhr) sowie im neuen Jahr in Kaiserslautern (Sonntag, 18.1., 13.30 Uhr) und gegen D\u00fcsseldorf (Samstag, 24.1., 13 Uhr).<\/b><\/p>\n<p>Der Heimknaller gegen Bundesliga-Absteiger Bochum am 16. Spieltag ist \u00fcbrigens in dieser Hinrunde schon das zweite \u201eTopspiel\u201c am Samstagabend. Das erste vergeigte die Titz-Truppe 0:3 gegen Hertha mit Ex-Trainer Leitl.<\/p>\n<p>Vergangene Saison durfte Hannover 96 nur ein einziges Mal am Samstagabend ran. Unter Andr\u00e9 Breitenreiter (51) gab&#8217;s ein 1:1 gegen Paderborn.<\/p>\n<p>Mehr zum Thema<\/p>\n","protected":false},"excerpt":{"rendered":"L\u00e4ngst liegen Lebkuchen und Schoko-Nikol\u00e4use in den Superm\u00e4rkten. Und auch Fu\u00dfball-Fans k\u00f6nnen jetzt anfangen, sich mit Weihnachten zu&hellip;\n","protected":false},"author":2,"featured_media":553185,"comment_status":"","ping_status":"","sticky":false,"template":"","format":"standard","meta":{"footnotes":""},"categories":[1837],"tags":[783,772,3364,29,30,2366,786,3851,6246,3783,542,45,784],"class_list":{"0":"post-553184","1":"post","2":"type-post","3":"status-publish","4":"format-standard","5":"has-post-thumbnail","7":"category-nuernberg","8":"tag-1-fc-nuernberg","9":"tag-bayern","10":"tag-de","11":"tag-deutschland","12":"tag-germany","13":"tag-hannover-96","14":"tag-klose-miroslav","15":"tag-krebs-florian","16":"tag-leitl-stefan","17":"tag-nuernberg","18":"tag-sport-leuchtturm-hamburg","19":"tag-texttospeech","20":"tag-zweite-bundesliga"},"share_on_mastodon":{"url":"https:\/\/pubeurope.com\/@de\/115497901299841111","error":""},"_links":{"self":[{"href":"https:\/\/www.europesays.com\/de\/wp-json\/wp\/v2\/posts\/553184","targetHints":{"allow":["GET"]}}],"collection":[{"href":"https:\/\/www.europesays.com\/de\/wp-json\/wp\/v2\/posts"}],"about":[{"href":"https:\/\/www.europesays.com\/de\/wp-json\/wp\/v2\/types\/post"}],"author":[{"embeddable":true,"href":"https:\/\/www.europesays.com\/de\/wp-json\/wp\/v2\/users\/2"}],"replies":[{"embeddable":true,"href":"https:\/\/www.europesays.com\/de\/wp-json\/wp\/v2\/comments?post=553184"}],"version-history":[{"count":0,"href":"https:\/\/www.europesays.com\/de\/wp-json\/wp\/v2\/posts\/553184\/revisions"}],"wp:featuredmedia":[{"embeddable":true,"href":"https:\/\/www.europesays.com\/de\/wp-json\/wp\/v2\/media\/553185"}],"wp:attachment":[{"href":"https:\/\/www.europesays.com\/de\/wp-json\/wp\/v2\/media?parent=553184"}],"wp:term":[{"taxonomy":"category","embeddable":true,"href":"https:\/\/www.europesays.com\/de\/wp-json\/wp\/v2\/categories?post=553184"},{"taxonomy":"post_tag","embeddable":true,"href":"https:\/\/www.europesays.com\/de\/wp-json\/wp\/v2\/tags?post=553184"}],"curies":[{"name":"wp","href":"https:\/\/api.w.org\/{rel}","templated":true}]}}