{"id":553188,"date":"2025-11-05T15:55:27","date_gmt":"2025-11-05T15:55:27","guid":{"rendered":"https:\/\/www.europesays.com\/de\/553188\/"},"modified":"2025-11-05T15:55:27","modified_gmt":"2025-11-05T15:55:27","slug":"mitten-in-hannover-wolf-streift-durch-die-stadt","status":"publish","type":"post","link":"https:\/\/www.europesays.com\/de\/553188\/","title":{"rendered":"Mitten in Hannover: Wolf streift durch die Stadt"},"content":{"rendered":"<p>\n        Ein Raubtier mitten in der belebten Stadt \u2013 das passiert nicht? Jetzt wohl doch, denn in Hannover wurde ein Wolf gesichtet. Das nieders\u00e4chsische Umweltministerium best\u00e4tigte eine entsprechende Sichtung. Nach Angaben eines Sprechers wertete das Wolfsb\u00fcro ein Video aus, auf dem das Tier im Stadtteil Kirchrode zu sehen ist. \u201eDie Experten sagen, es ist relativ sicher, dass es ein Wolf war\u201c, sagte der Sprecher. Auf der Aufnahme sei au\u00dferdem zu erkennen, dass sich das Tier stadtausw\u00e4rts bewegt habe.<\/p>\n<p>              <img decoding=\"async\" loading=\"lazy\" src=\"https:\/\/www.europesays.com\/de\/wp-content\/uploads\/2025\/11\/Christel_Grommel_Hires_DSC0099 (003).jpg\" width=\"290\" height=\"193\" alt=\"Christel Grommel\"\/><\/p>\n<p>\n              Wichtige Nachrichten aus der Welt der Landwirtschaft und Niedersachsen schnell f\u00fcr unsere Leser ins Netz bringen &#8211; daf\u00fcr setze ich mich ein. <\/p>\n","protected":false},"excerpt":{"rendered":"Ein Raubtier mitten in der belebten Stadt \u2013 das passiert nicht? Jetzt wohl doch, denn in Hannover wurde&hellip;\n","protected":false},"author":2,"featured_media":553189,"comment_status":"","ping_status":"","sticky":false,"template":"","format":"standard","meta":{"footnotes":""},"categories":[1836],"tags":[4654,3364,29,30,46,1411],"class_list":{"0":"post-553188","1":"post","2":"type-post","3":"status-publish","4":"format-standard","5":"has-post-thumbnail","7":"category-hannover","8":"tag-wolf","9":"tag-de","10":"tag-deutschland","11":"tag-germany","12":"tag-hannover","13":"tag-niedersachsen"},"share_on_mastodon":{"url":"https:\/\/pubeurope.com\/@de\/115497908714384336","error":""},"_links":{"self":[{"href":"https:\/\/www.europesays.com\/de\/wp-json\/wp\/v2\/posts\/553188","targetHints":{"allow":["GET"]}}],"collection":[{"href":"https:\/\/www.europesays.com\/de\/wp-json\/wp\/v2\/posts"}],"about":[{"href":"https:\/\/www.europesays.com\/de\/wp-json\/wp\/v2\/types\/post"}],"author":[{"embeddable":true,"href":"https:\/\/www.europesays.com\/de\/wp-json\/wp\/v2\/users\/2"}],"replies":[{"embeddable":true,"href":"https:\/\/www.europesays.com\/de\/wp-json\/wp\/v2\/comments?post=553188"}],"version-history":[{"count":0,"href":"https:\/\/www.europesays.com\/de\/wp-json\/wp\/v2\/posts\/553188\/revisions"}],"wp:featuredmedia":[{"embeddable":true,"href":"https:\/\/www.europesays.com\/de\/wp-json\/wp\/v2\/media\/553189"}],"wp:attachment":[{"href":"https:\/\/www.europesays.com\/de\/wp-json\/wp\/v2\/media?parent=553188"}],"wp:term":[{"taxonomy":"category","embeddable":true,"href":"https:\/\/www.europesays.com\/de\/wp-json\/wp\/v2\/categories?post=553188"},{"taxonomy":"post_tag","embeddable":true,"href":"https:\/\/www.europesays.com\/de\/wp-json\/wp\/v2\/tags?post=553188"}],"curies":[{"name":"wp","href":"https:\/\/api.w.org\/{rel}","templated":true}]}}