{"id":553212,"date":"2025-11-05T16:08:15","date_gmt":"2025-11-05T16:08:15","guid":{"rendered":"https:\/\/www.europesays.com\/de\/553212\/"},"modified":"2025-11-05T16:08:15","modified_gmt":"2025-11-05T16:08:15","slug":"leichen-von-frau-und-zwei-kindern-in-stuttgarter-wohnung-suedwest","status":"publish","type":"post","link":"https:\/\/www.europesays.com\/de\/553212\/","title":{"rendered":"Leichen von Frau und zwei Kindern in Stuttgarter Wohnung &#8211; S\u00fcdwest"},"content":{"rendered":"<p class=\"article-site__ressore | pb-400\">Kriminalit\u00e4t<\/p>\n<p class=\"article-site__topic article-site-plr | mb-1000\">\n<p>\t\t\t<strong><br \/>\n\t\t\t\t\t\t\t\t\t\t\t\t\tIn Stuttgart werden drei Tote gefunden. Wer sind die Opfer? Was ist passiert? Die Ermittlungen laufen auf Hochtouren.<br \/>\n\t\t\t\t\t\t\t<\/strong><br \/>\n\t\t\t\u00a0<\/p>\n<p>        Wir ben\u00f6tigen Ihre Zustimmung um BotTalk anzuzeigen<\/p>\n<p class=\"mb-400\">Unter Umst\u00e4nden sammelt BotTalk personenbezogene Daten f\u00fcr eigene Zwecke und verarbeitet diese in einem Land mit nach EU-Standards nicht ausreichenden Datenschutzniveau.<\/p>\n<p class=\"mb-900\">Durch Klick auf &#8222;Akzeptieren&#8220; geben Sie Ihre Einwilligung f\u00fcr die Daten\u00fcbermittlung, die Sie jederzeit \u00fcber Cookie-Einstellungen widerrufen k\u00f6nnen.<\/p>\n<p>        <a data-cmp-servicename=\"BotTalk\" href=\"#\" class=\"cmpButtonAccept btn | bg-primary-400 fc-neutral-100\">Akzeptieren<\/a><br \/>\n        <a href=\"#\" onclick=\"UC_UI.showSecondLayer(); return false;\" class=\"fs-300\">Mehr Informationen<\/a><\/p>\n<p>\t\t\t\t\t\t\t\t\t\t<img decoding=\"async\"  src=\"https:\/\/www.europesays.com\/de\/wp-content\/uploads\/2025\/11\/477507595-w-640.jpg\" title=\"Ein Polizeifahrzeug steht auf einem Pa...d zweier Kinder entdeckt worden waren.  | Foto: Andreas Rosar (dpa)\" alt=\"Ein Polizeifahrzeug steht auf einem Pa...d zweier Kinder entdeckt worden waren.  | Foto: Andreas Rosar (dpa)\" aria-labelledby=\"imgLabel1\" width=\"980\" height=\"653\" fetchpriority=\"high\" class=\"artImg artImg-as32\"\/><\/p>\n<p>\t\t\t\t\t\t\t\t\t\t\t\tEin Polizeifahrzeug steht auf einem Parkplatz in der N\u00e4he eines Wohnhauses, in dem die Leichen einer Frau und zweier Kinder entdeckt worden waren.\t\t\t\t\t\t\t\t\t\t\t\tFoto: Andreas\u00a0Rosar\u00a0(dpa)\t\t\t\t\t\t\t\t\t\t\t<\/p>\n<p>Schrecklicher Fund in Stuttgart: In einem Wohnhaus im Stadtteil Feuerbach sind nach Angaben der Polizei drei Tote entdeckt worden. Die Leichen der Frau und der beiden Kinder seien am Mittag in einer Wohnung aufgefunden worden, teilte die Polizei mit. &#8222;Hinweise auf eine Beteiligung weiterer Personen liegen zum jetzigen Zeitpunkt nicht vor&#8220;, hie\u00df es weiter.<\/p>\n<p>Polizeibeamte h\u00e4tten sich am Mittag Zutritt zur Wohnung verschafft &#8211; &#8222;aufgrund des Verdachts einer hilflosen Lage&#8220;, wie eine Sprecherin erkl\u00e4rte. Die Kriminalpolizei hat die Ermittlungen aufgenommen, um unter anderem zu kl\u00e4ren, wie die drei Menschen ums Leben kamen.<\/p>\n<p>Feuerbach liegt im Nordwesten Stuttgarts und z\u00e4hlt zu den \u00e4ltesten eingemeindeten Stadtteilen der Landeshauptstadt. Fr\u00fcher stark industriell gepr\u00e4gt, hat sich das Viertel in den vergangenen Jahren zu einem vielf\u00e4ltigen Wohn- und Wirtschaftsstandort entwickelt.<\/p>\n","protected":false},"excerpt":{"rendered":"Kriminalit\u00e4t In Stuttgart werden drei Tote gefunden. Wer sind die Opfer? Was ist passiert? Die Ermittlungen laufen auf&hellip;\n","protected":false},"author":2,"featured_media":553213,"comment_status":"","ping_status":"","sticky":false,"template":"","format":"standard","meta":{"footnotes":""},"categories":[1830],"tags":[44074,1634,3364,29,126,9909,30,134291,1441,4910],"class_list":{"0":"post-553212","1":"post","2":"type-post","3":"status-publish","4":"format-standard","5":"has-post-thumbnail","7":"category-stuttgart","8":"tag-leichen","9":"tag-baden-wuerttemberg","10":"tag-de","11":"tag-deutschland","12":"tag-frau","13":"tag-fund","14":"tag-germany","15":"tag-schrecklicher","16":"tag-stuttgart","17":"tag-zwei"},"share_on_mastodon":{"url":"https:\/\/pubeurope.com\/@de\/115497960482399996","error":""},"_links":{"self":[{"href":"https:\/\/www.europesays.com\/de\/wp-json\/wp\/v2\/posts\/553212","targetHints":{"allow":["GET"]}}],"collection":[{"href":"https:\/\/www.europesays.com\/de\/wp-json\/wp\/v2\/posts"}],"about":[{"href":"https:\/\/www.europesays.com\/de\/wp-json\/wp\/v2\/types\/post"}],"author":[{"embeddable":true,"href":"https:\/\/www.europesays.com\/de\/wp-json\/wp\/v2\/users\/2"}],"replies":[{"embeddable":true,"href":"https:\/\/www.europesays.com\/de\/wp-json\/wp\/v2\/comments?post=553212"}],"version-history":[{"count":0,"href":"https:\/\/www.europesays.com\/de\/wp-json\/wp\/v2\/posts\/553212\/revisions"}],"wp:featuredmedia":[{"embeddable":true,"href":"https:\/\/www.europesays.com\/de\/wp-json\/wp\/v2\/media\/553213"}],"wp:attachment":[{"href":"https:\/\/www.europesays.com\/de\/wp-json\/wp\/v2\/media?parent=553212"}],"wp:term":[{"taxonomy":"category","embeddable":true,"href":"https:\/\/www.europesays.com\/de\/wp-json\/wp\/v2\/categories?post=553212"},{"taxonomy":"post_tag","embeddable":true,"href":"https:\/\/www.europesays.com\/de\/wp-json\/wp\/v2\/tags?post=553212"}],"curies":[{"name":"wp","href":"https:\/\/api.w.org\/{rel}","templated":true}]}}