{"id":553222,"date":"2025-11-05T16:13:13","date_gmt":"2025-11-05T16:13:13","guid":{"rendered":"https:\/\/www.europesays.com\/de\/553222\/"},"modified":"2025-11-05T16:13:13","modified_gmt":"2025-11-05T16:13:13","slug":"gespraeche-im-november-koeln-befoerdert-kessler-auch-dank-el-mala-sport","status":"publish","type":"post","link":"https:\/\/www.europesays.com\/de\/553222\/","title":{"rendered":"Gespr\u00e4che im November: K\u00f6ln bef\u00f6rdert Kessler \u2013 auch dank El Mala | Sport"},"content":{"rendered":"<p><b>Im Wahlkampf um den neuen Vorstand des 1. FC K\u00f6ln waren sich im September alle Kandidaten einig. \u00d6ffentlich machten sie damit Werbung f\u00fcr sich, dass sie Sportdirektor Thomas Kessler (39) ganz schnell zum Gesch\u00e4ftsf\u00fchrer berufen wollen. Der Ex-Torwart hat im Mai die Verantwortung beim FC \u00fcbernommen, ist aufgestiegen, stellte einen Kader mit Bundesliga-Niveau zusammen und verpflichtete mit Lukas Kwasniok (44) den passenden Trainer. Bew\u00e4hrungsprobe bestanden!<\/b><\/p>\n<p>Kessler ist der Gewinner des Sommers in K\u00f6ln. Der FC reist erstmals seit vielen Jahren am Samstag als Favorit zum Derby nach M\u00f6nchengladbach. F\u00fcr die Borussia dient der Sportdirektor des Nachbarn als Vorbild. Er baute nicht nur die Mannschaft um. Kessler ist das Gesicht des Klubs und intern der Antreiber f\u00fcr alle Abteilungen.<\/p>\n<p>Trainings-Schock!: Gro\u00dfe Sorge um K\u00f6ln-Juwel El Mala<a class=\"anchor video-teaser__anchor\" href=\"https:\/\/www.bild.de\/sport\/fussball\/trainings-schock-grosse-sorge-um-koeln-juwel-el-mala-690b32a7154e6f61444c6431\" target=\"_blank\" rel=\"noopener\"><img decoding=\"async\" width=\"992\" height=\"558\" alt=\"\" src=\"https:\/\/www.europesays.com\/de\/wp-content\/uploads\/2025\/11\/495656e057da2a3c4d879d1e41ecf9ae-landscape,247f50b\"   class=\"landscape teaser__image\" loading=\"lazy\"\/><\/a><\/p>\n<p>Quelle: BILD \/\/ Foto: Kirchner Media05.11.2025<\/p>\n<p><b>Vorg\u00e4nger Christian Keller (46) diktierte alle (!) Aufgaben im Verein. Auch Kleinigkeiten wurden nicht ohne ihn entschieden. Kessler will das Gegenteil: Er fordert und f\u00f6rdert Eigenverantwortung. Die neue Gier in der Mannschaft (Platz sieben nach neun Spielen) soll zur Arbeitskultur im Gei\u00dfbockheim werden.<\/b><\/p>\n<p>Allerdings geht die Kessler-Bef\u00f6rderung nicht so z\u00fcgig voran, wie die Ank\u00fcndigung vor sechs Wochen vermuten lie\u00df. \u201eGanz klares Ja!\u201c, hatte der neue Pr\u00e4sident J\u00f6rn Stobbe (59) vor der Wahl \u00f6ffentlich versichert. Passiert ist nach Informationen von SPORT BILD bisher: nichts.<\/p>\n<p>Mehr zum Thema<\/p>\n<p><b>Die neuen Kontrolleure sind seit mehr als einem Monat im Amt und regelm\u00e4\u00dfig am Gei\u00dfbockheim. Sie verschaffen sich ein umfassendes Bild. Ein konkretes Gespr\u00e4ch mit Kessler \u00fcber dessen Zukunft und die Rolle als Gesch\u00e4ftsf\u00fchrer Sport gab es noch nicht. Das soll allerdings in K\u00fcrze passieren. Noch im November werden die Gespr\u00e4che \u00fcber die Bef\u00f6rderung nach Informationen von SPORT BILD gef\u00fchrt.<\/b><\/p>\n<p>Kessler will den Klub weiter auf Erfolg trimmen. Ihm ist es in k\u00fcrzester Zeit gelungen, die Angst- und Spar-Kultur seines Vorg\u00e4ngers aus dem Verein zu verbannen und mit der neuen Mannschaft eine Aufbruchstimmung zu erzeugen. Beispiel Sa\u00efd El Mala (19): Kessler hatte den Shootingstar und zweiten gro\u00dfen Gewinner des Starts beim FC nicht nur 2024, damals noch aus der zweiten Reihe des Klubs unter Keller, vom Wechsel 2025 zum FC statt nach Dortmund \u00fcberzeugt.<\/p>\n<p><img decoding=\"async\" width=\"992\" height=\"558\" alt=\"Die Verpflichtung von El Mala aus der dritten Liga von Viktoria K\u00f6ln ist Kesslers gr\u00f6\u00dfter Coup\" src=\"https:\/\/www.europesays.com\/de\/wp-content\/uploads\/2025\/11\/62c6caed4046f1f07287ce27e57e0bf1,cafb9209\"   class=\"landscape\" loading=\"lazy\"\/><\/p>\n<p class=\"fig__caption__text\">Die Verpflichtung von El Mala aus der dritten Liga von Viktoria K\u00f6ln ist Kesslers gr\u00f6\u00dfter Coup<\/p>\n<p>Foto: Marius Becker\/dpa<\/p>\n<p><b>Er wertete den Vertrag des Zugangs von Drittligist Viktoria K\u00f6ln noch vor dessen erstem Pflichtspiel im Trikot des Aufsteigers auf. Das Grundgehalt liegt nun bei knapp \u00fcber einer halben Million Euro im Jahr. Beim Au\u00dfenst\u00fcrmer sollten erst gar keine Zweifel aufkommen, nachdem K\u00f6ln im Sommer einen Verkauf nach England abgelehnt hatte. Das Vorgehen ist markt\u00fcblich, w\u00e4re in K\u00f6ln aber vor dem Wechsel in der sportlichen Leitung undenkbar gewesen.<\/b><\/p>\n<p>Zudem ist Kessler bereit, schwierige Entscheidungen zu treffen. Er verkaufte etwa Damion Downs (21\/ Southampton) und Max Finkgr\u00e4fe (21\/Leipzig) f\u00fcr zw\u00f6lf Mio., um den Umbau zu finanzieren. Der Plan geht auf.<\/p>\n","protected":false},"excerpt":{"rendered":"Im Wahlkampf um den neuen Vorstand des 1. FC K\u00f6ln waren sich im September alle Kandidaten einig. \u00d6ffentlich&hellip;\n","protected":false},"author":2,"featured_media":553223,"comment_status":"","ping_status":"","sticky":false,"template":"","format":"standard","meta":{"footnotes":""},"categories":[1828],"tags":[623,29,30,46993,1420,1209,819,45],"class_list":{"0":"post-553222","1":"post","2":"type-post","3":"status-publish","4":"format-standard","5":"has-post-thumbnail","7":"category-koeln","8":"tag-1-fc-koeln","9":"tag-deutschland","10":"tag-germany","11":"tag-kessler-thomas","12":"tag-koeln","13":"tag-nordrhein-westfalen","14":"tag-sport-leuchtturm-essen","15":"tag-texttospeech"},"share_on_mastodon":{"url":"https:\/\/pubeurope.com\/@de\/115497980379520421","error":""},"_links":{"self":[{"href":"https:\/\/www.europesays.com\/de\/wp-json\/wp\/v2\/posts\/553222","targetHints":{"allow":["GET"]}}],"collection":[{"href":"https:\/\/www.europesays.com\/de\/wp-json\/wp\/v2\/posts"}],"about":[{"href":"https:\/\/www.europesays.com\/de\/wp-json\/wp\/v2\/types\/post"}],"author":[{"embeddable":true,"href":"https:\/\/www.europesays.com\/de\/wp-json\/wp\/v2\/users\/2"}],"replies":[{"embeddable":true,"href":"https:\/\/www.europesays.com\/de\/wp-json\/wp\/v2\/comments?post=553222"}],"version-history":[{"count":0,"href":"https:\/\/www.europesays.com\/de\/wp-json\/wp\/v2\/posts\/553222\/revisions"}],"wp:featuredmedia":[{"embeddable":true,"href":"https:\/\/www.europesays.com\/de\/wp-json\/wp\/v2\/media\/553223"}],"wp:attachment":[{"href":"https:\/\/www.europesays.com\/de\/wp-json\/wp\/v2\/media?parent=553222"}],"wp:term":[{"taxonomy":"category","embeddable":true,"href":"https:\/\/www.europesays.com\/de\/wp-json\/wp\/v2\/categories?post=553222"},{"taxonomy":"post_tag","embeddable":true,"href":"https:\/\/www.europesays.com\/de\/wp-json\/wp\/v2\/tags?post=553222"}],"curies":[{"name":"wp","href":"https:\/\/api.w.org\/{rel}","templated":true}]}}