{"id":553285,"date":"2025-11-05T16:48:22","date_gmt":"2025-11-05T16:48:22","guid":{"rendered":"https:\/\/www.europesays.com\/de\/553285\/"},"modified":"2025-11-05T16:48:22","modified_gmt":"2025-11-05T16:48:22","slug":"braucht-die-cdu-einen-neuen-compass-was-fuehrende-christdemokraten-aus-lu-sagen-ludwigshafen","status":"publish","type":"post","link":"https:\/\/www.europesays.com\/de\/553285\/","title":{"rendered":"Braucht die CDU einen neuen \u201eCompass?\u201c Was f\u00fchrende Christdemokraten aus LU sagen &#8211; Ludwigshafen"},"content":{"rendered":"<p class=\"rhp-dpa-teaser\"><b>Braucht die CDU eine Kurskorrektur, wie die Gruppe \u201eCompass Mitte\u201c fordert? Wir haben f\u00fchrende Christdemokraten in LU gefragt. Alle sagen: Wichtiger ist es, Probleme zu l\u00f6sen.<\/b><\/p>\n<p>Umgehen mit der AfD wie mit anderen Oppositionsparteien, wie es Unionsfraktionschef <a class=\"rtr-entity\" data-rtr-entity=\"Jens Spahn\" data-rtr-id=\"fdd60f6d7ab93d64c974041c5e83916b2600652d\" data-rtr-score=\"14.768329486951892\" data-rtr-etype=\"person\" data-rtr-index=\"22\" href=\"https:\/\/www.rheinpfalz.de\/themen\/jens-spahn?utm_source=rheinpfalz.de&amp;utm_medium=tms&amp;utm_campaign=intext\" target=\"_blank\" rel=\"noopener\">Jens Spahn<\/a><\/p>\n<p> (CDU) im Fr\u00fchjahr gefordert hat? An der Brandmauer r\u00fctteln, wie es Ex-CDU-Generalsekret\u00e4r Peter Tauber j\u00fcngst anmahnte? Oder wie Kanzler Friedrich Merz eine Stadtbild-Debatte anzetteln<\/p>\n<p class=\"\">Bitte loggen Sie sich ein um den Artikel im Klartext zu sehen.<\/p>\n<p class=\"\">udn edeis tim notiMgair  niEem eiTl der tdC-DegleUirMi sti eids rzwid.ue<\/p>\n<p class=\"\">eiS anbeh die euGrpp    nud nodferr inee Krroku.surrtke<\/p>\n<p class=\"\">iDe nietmes dre tug 30 nrzehteuniertsErc sde 41 kePunt saufendmnes lppsAle dsni iKmkotplrmle,oianu lveei aus tfhaenreslnriN.We-od Der owlh neptsreinmeo<\/p>\n","protected":false},"excerpt":{"rendered":"Braucht die CDU eine Kurskorrektur, wie die Gruppe \u201eCompass Mitte\u201c fordert? Wir haben f\u00fchrende Christdemokraten in LU gefragt.&hellip;\n","protected":false},"author":2,"featured_media":553286,"comment_status":"","ping_status":"","sticky":false,"template":"","format":"standard","meta":{"footnotes":""},"categories":[1845],"tags":[186,1634,1173,31,3364,29,548,663,3934,775,30,13,15785,111571,4060,25476,2096,525,14,15,1209,134306,52657,30446,134307,12,134308],"class_list":{"0":"post-553285","1":"post","2":"type-post","3":"status-publish","4":"format-standard","5":"has-post-thumbnail","7":"category-mannheim","8":"tag-afd","9":"tag-baden-wuerttemberg","10":"tag-bundesregierung","11":"tag-cdu","12":"tag-de","13":"tag-deutschland","14":"tag-eu","15":"tag-europa","16":"tag-europe","17":"tag-friedrich-merz","18":"tag-germany","19":"tag-headlines","20":"tag-jens-spahn","21":"tag-klaus-blettner","22":"tag-lokal","23":"tag-ludwigshafen","24":"tag-mannheim","25":"tag-mitte","26":"tag-nachrichten","27":"tag-news","28":"tag-nordrhein-westfalen","29":"tag-peter-tauber","30":"tag-peter-uebel","31":"tag-rheinpfalz","32":"tag-ruprecht-polenz","33":"tag-schlagzeilen","34":"tag-torbjoern-kartes"},"share_on_mastodon":{"url":"https:\/\/pubeurope.com\/@de\/115498116888639618","error":""},"_links":{"self":[{"href":"https:\/\/www.europesays.com\/de\/wp-json\/wp\/v2\/posts\/553285","targetHints":{"allow":["GET"]}}],"collection":[{"href":"https:\/\/www.europesays.com\/de\/wp-json\/wp\/v2\/posts"}],"about":[{"href":"https:\/\/www.europesays.com\/de\/wp-json\/wp\/v2\/types\/post"}],"author":[{"embeddable":true,"href":"https:\/\/www.europesays.com\/de\/wp-json\/wp\/v2\/users\/2"}],"replies":[{"embeddable":true,"href":"https:\/\/www.europesays.com\/de\/wp-json\/wp\/v2\/comments?post=553285"}],"version-history":[{"count":0,"href":"https:\/\/www.europesays.com\/de\/wp-json\/wp\/v2\/posts\/553285\/revisions"}],"wp:featuredmedia":[{"embeddable":true,"href":"https:\/\/www.europesays.com\/de\/wp-json\/wp\/v2\/media\/553286"}],"wp:attachment":[{"href":"https:\/\/www.europesays.com\/de\/wp-json\/wp\/v2\/media?parent=553285"}],"wp:term":[{"taxonomy":"category","embeddable":true,"href":"https:\/\/www.europesays.com\/de\/wp-json\/wp\/v2\/categories?post=553285"},{"taxonomy":"post_tag","embeddable":true,"href":"https:\/\/www.europesays.com\/de\/wp-json\/wp\/v2\/tags?post=553285"}],"curies":[{"name":"wp","href":"https:\/\/api.w.org\/{rel}","templated":true}]}}