{"id":553747,"date":"2025-11-05T21:02:25","date_gmt":"2025-11-05T21:02:25","guid":{"rendered":"https:\/\/www.europesays.com\/de\/553747\/"},"modified":"2025-11-05T21:02:25","modified_gmt":"2025-11-05T21:02:25","slug":"urland-in-oerlinghausen-bekommt-begehrten-tourismus-preis","status":"publish","type":"post","link":"https:\/\/www.europesays.com\/de\/553747\/","title":{"rendered":"Urland in Oerlinghausen bekommt begehrten Tourismus-Preis"},"content":{"rendered":"<p class=\"xmsonormal\">Das URLAND in Oerlinghausen wird mit dem ADAC-Tourismus-Preis NRW ausgezeichnet.<\/p>\n<p class=\"xmsonormal\">Zum Urland geh\u00f6ren die Klimaerlebniswelt, das Naturschutzgro\u00dfprojekt Senne und das Arch\u00e4ologische Freilichtmuseum in Oerlinghausen.\u00a0<\/p>\n<p class=\"xmsonormal\">Das Projekt setzte sich gegen so viele Bewerber wie noch nie durch, schreibt der Kreis.\u00a0<\/p>\n<p class=\"xmsonormal h2\">Dritter Platz geht nach Paderborn<\/p>\n<p class=\"xmsonormal\">Die Auszeichnung wurde in diesem Jahr zum dritten mal vergeben.<\/p>\n<p class=\"xmsonormal\">Auf Platz zwei und drei landeten am Ende das Schwebodrom in Wuppertal und das Jubil\u00e4umsprogramm \u201enixdorf 100\u201c des Heinz Nixdorf MuseumsForum in Paderborn.\u00a0<\/p>\n<p class=\"xmsonormal\">Ein Sonderpreis ging an das R\u00f6mergrab Weiden.<\/p>\n","protected":false},"excerpt":{"rendered":"Das URLAND in Oerlinghausen wird mit dem ADAC-Tourismus-Preis NRW ausgezeichnet. Zum Urland geh\u00f6ren die Klimaerlebniswelt, das Naturschutzgro\u00dfprojekt Senne&hellip;\n","protected":false},"author":2,"featured_media":553748,"comment_status":"","ping_status":"","sticky":false,"template":"","format":"standard","meta":{"footnotes":""},"categories":[1841],"tags":[1605,3364,29,30,1209,22057,828,134367],"class_list":{"0":"post-553747","1":"post","2":"type-post","3":"status-publish","4":"format-standard","5":"has-post-thumbnail","7":"category-bielefeld","8":"tag-bielefeld","9":"tag-de","10":"tag-deutschland","11":"tag-germany","12":"tag-nordrhein-westfalen","13":"tag-oerlinghausen","14":"tag-preis","15":"tag-urland"},"share_on_mastodon":{"url":"https:\/\/pubeurope.com\/@de\/115499115821431215","error":""},"_links":{"self":[{"href":"https:\/\/www.europesays.com\/de\/wp-json\/wp\/v2\/posts\/553747","targetHints":{"allow":["GET"]}}],"collection":[{"href":"https:\/\/www.europesays.com\/de\/wp-json\/wp\/v2\/posts"}],"about":[{"href":"https:\/\/www.europesays.com\/de\/wp-json\/wp\/v2\/types\/post"}],"author":[{"embeddable":true,"href":"https:\/\/www.europesays.com\/de\/wp-json\/wp\/v2\/users\/2"}],"replies":[{"embeddable":true,"href":"https:\/\/www.europesays.com\/de\/wp-json\/wp\/v2\/comments?post=553747"}],"version-history":[{"count":0,"href":"https:\/\/www.europesays.com\/de\/wp-json\/wp\/v2\/posts\/553747\/revisions"}],"wp:featuredmedia":[{"embeddable":true,"href":"https:\/\/www.europesays.com\/de\/wp-json\/wp\/v2\/media\/553748"}],"wp:attachment":[{"href":"https:\/\/www.europesays.com\/de\/wp-json\/wp\/v2\/media?parent=553747"}],"wp:term":[{"taxonomy":"category","embeddable":true,"href":"https:\/\/www.europesays.com\/de\/wp-json\/wp\/v2\/categories?post=553747"},{"taxonomy":"post_tag","embeddable":true,"href":"https:\/\/www.europesays.com\/de\/wp-json\/wp\/v2\/tags?post=553747"}],"curies":[{"name":"wp","href":"https:\/\/api.w.org\/{rel}","templated":true}]}}