{"id":55389,"date":"2025-04-23T18:29:10","date_gmt":"2025-04-23T18:29:10","guid":{"rendered":"https:\/\/www.europesays.com\/de\/55389\/"},"modified":"2025-04-23T18:29:10","modified_gmt":"2025-04-23T18:29:10","slug":"benefizprojekt-der-malteser-theater-das-hoffnung-macht","status":"publish","type":"post","link":"https:\/\/www.europesays.com\/de\/55389\/","title":{"rendered":"Benefizprojekt der Malteser: Theater, das Hoffnung macht"},"content":{"rendered":"<p>\t\t\t\t\t\t\t\t\t\t\t\t\t\t\t\t\t\t\t\t\t\t\t\t\t\t\t\t      \t\t            \t\t             \t\t\t\t   \t\t\t\t\t   <img decoding=\"async\" id=\"article-image\" fetchpriority=\"high\" alt=\"Benefizprojekt der Malteser: Theater, das Hoffnung macht\" title=\"Benefizprojekt der Malteser: Theater, das Hoffnung macht\" src=\"https:\/\/www.europesays.com\/de\/wp-content\/uploads\/2025\/04\/media.media.4fbfccbc-09c2-436c-a30d-9e8738e8288d.16x9_700.jpg\" data-linkto=\"https:\/\/www.stuttgarter-nachrichten.de\/javascript:void(0);\"\/>\t\t\t\t\t\t\t\t\t\t\t\t\t\t\t\t\t\t\t\t\t\t\t\tSzene aus dem Theaterst\u00fcck \u201eSein oder Nichtsein\u201c\u00a0Foto: GDJ\t\t\t<\/p>\n<p>Mit dem Theaterprojekt \u201eLibanon on Stage\u201c sammeln junge Mitglieder der Malteser Geld f\u00fcr Hilfsprojekte im Libanon, die ungeachtet der instabilen politischen Lage dort weitergehen. Jetzt gastieren sie in Stuttgart.<\/p>\n<p>In der S\u00e4ngerhalle in Untert\u00fcrkheim geht es an diesem Freitag, 26. April, um \u201eSein oder Nichtsein\u201c. Die Gemeinschaft junger <a href=\"https:\/\/www.stuttgarter-nachrichten.de\/thema\/Malteser\" title=\"Malteser\" class=\"art_thema\" target=\"_blank\" rel=\"noopener\">Malteser<\/a> (GDJ), die Jugendorganisation des Malteserordens, bringt dort ein gleichnamiges Theaterst\u00fcck auf die B\u00fchne, das sich an dem Film des deutsch-amerikanischen Regisseurs Ernst Lubitsch orientiert. In der Satire geht es um den Widerstand einer Warschauer Theatergruppe gegen die deutschen Besatzer. Er endet mit dem Sieg der Menschlichkeit. Laut den Maltesern \u201eein hoffnungsvolles St\u00fcck, das in die Zeit passt\u201c. Premiere war in Hamburg. Weitere Auff\u00fchrungen sind in Waal und M\u00fcnchen geplant. <\/p>\n<p>Seit 2005 sind die Laienschauspieler mit wechselnden St\u00fccken auf Tour, um schwerbehinderten Frauen und M\u00e4nnern aus libanesischen Heimen Ferien in den Bergen n\u00f6rdlich von Beirut zu erm\u00f6glichen, daher der Name des Theaters \u201eLibanon on Stage\u201c.<\/p>\n<p>Ob die jungen Helfer in den Libanon reisen k\u00f6nnen, ist fraglich  <\/p>\n<p> Auch die jungen <a href=\"https:\/\/www.stuttgarter-nachrichten.de\/thema\/Stuttgart\" title=\"Stuttgart\" class=\"art_thema\" target=\"_blank\" rel=\"noopener\">Stuttgart<\/a>er Leon Arends (23) und Antonius Kohlh\u00e4ufl (27) waren in diesen Sommercamps aktiv. F\u00fcr sie sind die Hilfsbed\u00fcrftigen \u2013 dem Selbstverst\u00e4ndnis der Malteser entsprechend \u2013 \u201eG\u00e4ste\u201c. \u201eDie Menschen sollen sich bei uns wohlf\u00fchlen. Dann verschwinden Ber\u00fchrungs\u00e4ngste, und das Menschliche tritt in den Vordergrund\u201c, sagt Kohlh\u00e4ufel, der, wie Arends, zu den Mitorganisatoren des Theaterprojekts geh\u00f6rt. Offen ist, ob angesichts der politischen Lage im Libanon eine Teilnahme in diesem Jahr m\u00f6glich ist. Die Einnahmen aus dem Theaterprojekt flie\u00dfen dennoch dorthin \u2013 in das Projekt Karim, mit dem die jungen Malteser Schulbesuche organisieren und Therapien in Heimen finanzieren. Ihr St\u00fcck \u201eSein oder Nichtsein\u201c beginnt um 19 Uhr. Karten kosten 29 Euro, erm\u00e4\u00dfigt 16 Euro.<\/p>\n<p> <b>Weitere<\/b> <b>Informationen<\/b> <b> unter:<\/b> <b>https:\/\/libanon-on-stage.de<\/b> <\/p>\n","protected":false},"excerpt":{"rendered":"Szene aus dem Theaterst\u00fcck \u201eSein oder Nichtsein\u201c\u00a0Foto: GDJ Mit dem Theaterprojekt \u201eLibanon on Stage\u201c sammeln junge Mitglieder der&hellip;\n","protected":false},"author":2,"featured_media":55390,"comment_status":"","ping_status":"","sticky":false,"template":"","format":"standard","meta":{"footnotes":""},"categories":[1830],"tags":[1634,3364,29,30,25977,2916,1441,25978],"class_list":{"0":"post-55389","1":"post","2":"type-post","3":"status-publish","4":"format-standard","5":"has-post-thumbnail","7":"category-stuttgart","8":"tag-baden-wuerttemberg","9":"tag-de","10":"tag-deutschland","11":"tag-germany","12":"tag-libanon-on-stage","13":"tag-malteser","14":"tag-stuttgart","15":"tag-theaterprojekt"},"share_on_mastodon":{"url":"https:\/\/pubeurope.com\/@de\/114388701360106264","error":""},"_links":{"self":[{"href":"https:\/\/www.europesays.com\/de\/wp-json\/wp\/v2\/posts\/55389","targetHints":{"allow":["GET"]}}],"collection":[{"href":"https:\/\/www.europesays.com\/de\/wp-json\/wp\/v2\/posts"}],"about":[{"href":"https:\/\/www.europesays.com\/de\/wp-json\/wp\/v2\/types\/post"}],"author":[{"embeddable":true,"href":"https:\/\/www.europesays.com\/de\/wp-json\/wp\/v2\/users\/2"}],"replies":[{"embeddable":true,"href":"https:\/\/www.europesays.com\/de\/wp-json\/wp\/v2\/comments?post=55389"}],"version-history":[{"count":0,"href":"https:\/\/www.europesays.com\/de\/wp-json\/wp\/v2\/posts\/55389\/revisions"}],"wp:featuredmedia":[{"embeddable":true,"href":"https:\/\/www.europesays.com\/de\/wp-json\/wp\/v2\/media\/55390"}],"wp:attachment":[{"href":"https:\/\/www.europesays.com\/de\/wp-json\/wp\/v2\/media?parent=55389"}],"wp:term":[{"taxonomy":"category","embeddable":true,"href":"https:\/\/www.europesays.com\/de\/wp-json\/wp\/v2\/categories?post=55389"},{"taxonomy":"post_tag","embeddable":true,"href":"https:\/\/www.europesays.com\/de\/wp-json\/wp\/v2\/tags?post=55389"}],"curies":[{"name":"wp","href":"https:\/\/api.w.org\/{rel}","templated":true}]}}