{"id":553912,"date":"2025-11-05T22:34:16","date_gmt":"2025-11-05T22:34:16","guid":{"rendered":"https:\/\/www.europesays.com\/de\/553912\/"},"modified":"2025-11-05T22:34:16","modified_gmt":"2025-11-05T22:34:16","slug":"frankreich-autofahrer-faehrt-absichtlich-fussgaenger-und-radfahrer-an","status":"publish","type":"post","link":"https:\/\/www.europesays.com\/de\/553912\/","title":{"rendered":"Frankreich &#8211; Autofahrer f\u00e4hrt absichtlich Fu\u00dfg\u00e4nger und Radfahrer an"},"content":{"rendered":"<p>                    <img decoding=\"async\" loading=\"lazy\" class=\"internal-image\" title=\"Das vom Fahrer angez\u00fcndete Tatfahrzeug steht verbrannt am Stra\u00dfenrand vor einem Wald. Daneben Fahrzeuge der Ermittler\" alt=\"Das vom Fahrer angez\u00fcndete Tatfahrzeug steht verbrannt am Stra\u00dfenrand vor einem Wald. Daneben Fahrzeuge der Ermittler\" src=\"https:\/\/www.europesays.com\/de\/wp-content\/uploads\/2025\/11\/frankreich-ille-doleron-autofahrer-fussgaenger-radfahrer-100-1920x1080.jpg\" \/><\/p>\n<p>                  Ermittler am Ort der Festnahme des Autofahrers. (Yohan Bonnet \/ AP \/ dpa \/ Yohan Bonnet)<\/p>\n<p>Nach Angaben von Innenminister Nunez wurden f\u00fcnf Menschen verletzt, zwei von ihnen schwer. Wie die Staatsanwaltschaft in La Rochelle mitteilte, rief der Mann bei seiner Festnahme &#8222;Allah Akbar&#8220;, also &#8222;Gott ist gro\u00df&#8220;. Das tats\u00e4chliche Motiv sei jedoch unklar. Die Antiterror-Staatsanwaltschaft habe sich bisher nicht eingeschaltet. Der Festgenommene sei bereits wegen einfacher Vergehen polizeibekannt.<\/p>\n<p>                Tatfahrzeug angez\u00fcndet<\/p>\n<p>Nach Informationen der Zeitung &#8222;Le Figaro&#8220; hatte der Mann vor seiner Festnahme sein Auto, in dem sich mehrere Gasflaschen befanden, angez\u00fcndet. Die Polizei setzte bei der Festnahme eine Elektroschockpistole gegen ihn ein. Nach Angaben des B\u00fcrgermeister von Saint-Pierre d&#8217;Ol\u00e9ron, Christophe Sueur, war der Mann wegen &#8222;zahlreicher Entgleisungen&#8220; im Zusammenhang mit seinem Alkohol- und Drogenkonsum aufgefallen.\u00a0Er habe allein in einem Mobilhome gewohnt.\u00a0<\/p>\n<p>Diese Nachricht wurde am 05.11.2025 im Programm Deutschlandfunk gesendet.<\/p>\n","protected":false},"excerpt":{"rendered":"Ermittler am Ort der Festnahme des Autofahrers. (Yohan Bonnet \/ AP \/ dpa \/ Yohan Bonnet) Nach Angaben&hellip;\n","protected":false},"author":2,"featured_media":553913,"comment_status":"","ping_status":"","sticky":false,"template":"","format":"standard","meta":{"footnotes":""},"categories":[3974],"tags":[331,332,548,663,3934,3980,156,13,14,15,12],"class_list":{"0":"post-553912","1":"post","2":"type-post","3":"status-publish","4":"format-standard","5":"has-post-thumbnail","7":"category-frankreich","8":"tag-aktuelle-nachrichten","9":"tag-aktuelle-news","10":"tag-eu","11":"tag-europa","12":"tag-europe","13":"tag-france","14":"tag-frankreich","15":"tag-headlines","16":"tag-nachrichten","17":"tag-news","18":"tag-schlagzeilen"},"share_on_mastodon":{"url":"https:\/\/pubeurope.com\/@de\/115499478612893153","error":""},"_links":{"self":[{"href":"https:\/\/www.europesays.com\/de\/wp-json\/wp\/v2\/posts\/553912","targetHints":{"allow":["GET"]}}],"collection":[{"href":"https:\/\/www.europesays.com\/de\/wp-json\/wp\/v2\/posts"}],"about":[{"href":"https:\/\/www.europesays.com\/de\/wp-json\/wp\/v2\/types\/post"}],"author":[{"embeddable":true,"href":"https:\/\/www.europesays.com\/de\/wp-json\/wp\/v2\/users\/2"}],"replies":[{"embeddable":true,"href":"https:\/\/www.europesays.com\/de\/wp-json\/wp\/v2\/comments?post=553912"}],"version-history":[{"count":0,"href":"https:\/\/www.europesays.com\/de\/wp-json\/wp\/v2\/posts\/553912\/revisions"}],"wp:featuredmedia":[{"embeddable":true,"href":"https:\/\/www.europesays.com\/de\/wp-json\/wp\/v2\/media\/553913"}],"wp:attachment":[{"href":"https:\/\/www.europesays.com\/de\/wp-json\/wp\/v2\/media?parent=553912"}],"wp:term":[{"taxonomy":"category","embeddable":true,"href":"https:\/\/www.europesays.com\/de\/wp-json\/wp\/v2\/categories?post=553912"},{"taxonomy":"post_tag","embeddable":true,"href":"https:\/\/www.europesays.com\/de\/wp-json\/wp\/v2\/tags?post=553912"}],"curies":[{"name":"wp","href":"https:\/\/api.w.org\/{rel}","templated":true}]}}