{"id":553932,"date":"2025-11-05T22:45:50","date_gmt":"2025-11-05T22:45:50","guid":{"rendered":"https:\/\/www.europesays.com\/de\/553932\/"},"modified":"2025-11-05T22:45:50","modified_gmt":"2025-11-05T22:45:50","slug":"dynamo-dresden-vs-1-fc-nuernberg","status":"publish","type":"post","link":"https:\/\/www.europesays.com\/de\/553932\/","title":{"rendered":"Dynamo Dresden vs 1. FC N\u00fcrnberg"},"content":{"rendered":"<p>\u00dcbertragung im FreeTV ?<\/p>\n<p>Am Freitag, 7. November 2025, um 18:30 Uhr empf\u00e4ngt Dynamo Dresden im Rudolf-Harbig-Stadion den 1. FC N\u00fcrnberg zum 12. Spieltag der 2. Bundesliga.<\/p>\n<p>Die Begegnung wird nicht im Free-TV \u00fcbertragen. Das Spiel l\u00e4uft live beim Pay-TV-Sender Sky auf den Sky-Sport-Bundesliga-Kan\u00e4len. \u00dcber WOW (ehemals Sky Ticket) kann das Spiel im Live-Stream verfolgt werden, ebenso f\u00fcr Sky-Kunden \u00fcber Sky Go auf mobilen Ger\u00e4ten. OneFootball bietet zu diesem Spiel ebenfalls einen Live-Videostream und stellt Live-Ticker, Echtzeit-Daten, Aufstellungen und Spielverlauf zur Verf\u00fcgung.<\/p>\n<p>(DS)<\/p>\n","protected":false},"excerpt":{"rendered":"\u00dcbertragung im FreeTV ? Am Freitag, 7. November 2025, um 18:30 Uhr empf\u00e4ngt Dynamo Dresden im Rudolf-Harbig-Stadion den&hellip;\n","protected":false},"author":2,"featured_media":553933,"comment_status":"","ping_status":"","sticky":false,"template":"","format":"standard","meta":{"footnotes":"","_share_on_mastodon":"0"},"categories":[1837],"tags":[134411,772,3364,29,5406,99642,107001,113058,3766,107002,122947,122948,123425,99643,30,3783],"class_list":["post-553932","post","type-post","status-publish","format-standard","has-post-thumbnail","category-nuernberg","tag-1953update","tag-bayern","tag-de","tag-deutschland","tag-dynamo","tag-dynamo-2-bundesliga","tag-dynamo-aufstieg","tag-dynamo-dresde","tag-dynamo-dresden","tag-dynamo-dresden-aktuell","tag-dynamo-dresden-bilanz","tag-dynamo-dresden-current","tag-dynamo-dresden-fans","tag-dynamo-dresden-news","tag-germany","tag-nuernberg"],"share_on_mastodon":{"url":"https:\/\/pubeurope.com\/@de\/115499524604591721","error":""},"_links":{"self":[{"href":"https:\/\/www.europesays.com\/de\/wp-json\/wp\/v2\/posts\/553932","targetHints":{"allow":["GET"]}}],"collection":[{"href":"https:\/\/www.europesays.com\/de\/wp-json\/wp\/v2\/posts"}],"about":[{"href":"https:\/\/www.europesays.com\/de\/wp-json\/wp\/v2\/types\/post"}],"author":[{"embeddable":true,"href":"https:\/\/www.europesays.com\/de\/wp-json\/wp\/v2\/users\/2"}],"replies":[{"embeddable":true,"href":"https:\/\/www.europesays.com\/de\/wp-json\/wp\/v2\/comments?post=553932"}],"version-history":[{"count":0,"href":"https:\/\/www.europesays.com\/de\/wp-json\/wp\/v2\/posts\/553932\/revisions"}],"wp:featuredmedia":[{"embeddable":true,"href":"https:\/\/www.europesays.com\/de\/wp-json\/wp\/v2\/media\/553933"}],"wp:attachment":[{"href":"https:\/\/www.europesays.com\/de\/wp-json\/wp\/v2\/media?parent=553932"}],"wp:term":[{"taxonomy":"category","embeddable":true,"href":"https:\/\/www.europesays.com\/de\/wp-json\/wp\/v2\/categories?post=553932"},{"taxonomy":"post_tag","embeddable":true,"href":"https:\/\/www.europesays.com\/de\/wp-json\/wp\/v2\/tags?post=553932"}],"curies":[{"name":"wp","href":"https:\/\/api.w.org\/{rel}","templated":true}]}}