{"id":554001,"date":"2025-11-05T23:23:25","date_gmt":"2025-11-05T23:23:25","guid":{"rendered":"https:\/\/www.europesays.com\/de\/554001\/"},"modified":"2025-11-05T23:23:25","modified_gmt":"2025-11-05T23:23:25","slug":"gratis-guertelrose-impfung-angelaufen-vienna-at","status":"publish","type":"post","link":"https:\/\/www.europesays.com\/de\/554001\/","title":{"rendered":"Gratis G\u00fcrtelrose-Impfung angelaufen &#8211; VIENNA.AT"},"content":{"rendered":"<p>            Von<\/p>\n<p>              .<\/p>\n<p>            &#8211;<\/p>\n<p>              5.11.2025 14:31<\/p>\n<p>              (Akt. 5.11.2025 14:32)<\/p>\n<p>      <img decoding=\"async\" src=\"https:\/\/www.europesays.com\/de\/wp-content\/uploads\/2025\/11\/22730394714980941-4-3-1137125118181363-1818x1363.jpg\"   alt=\"100.000 Dosen der G\u00fcrtelrose-Impfung wurden bereits abgerufen.\" title=\"100.000 Dosen der G\u00fcrtelrose-Impfung wurden bereits abgerufen.\"\/><\/p>\n<p>                    100.000 Dosen der G\u00fcrtelrose-Impfung wurden bereits abgerufen.<br \/>\n                     \u00a9APA\/ROBERT JAEGER (Symbolbild)<\/p>\n<p>\n        Zum Start der gratis Impfung gegen G\u00fcrtelrose sind bereits 100.000 Impfdosen abgerufen worden, weitere Lieferungen sind im November geplant. Sozial- und Gesundheitsministerin Schumann betonte, dass das kostenlose Impfprogramm f\u00fcr Erwachsene damit erheblich ausgeweitet wird.\n      <\/p>\n<p>&#8222;Wir haben ab sofort mit der bereits vorhandenen Influenza-Impfung auch die kostenlose Impfung gegen die G\u00fcrtelrose und gegen Pneumokokken &#8211; unabh\u00e4ngig davon, wie viel Geld die Menschen im B\u00f6rsel haben&#8220;, Sozial- und Gesundheitsministerin Korinna Schumann (SP\u00d6). Das sei &#8222;ein Meilenstein&#8220;. <\/p>\n<p>\n            G\u00fcrtelrose-Impfung f\u00fcr alle Menschen ab 60 und Risikopersonen gratis\n          <\/p>\n<p>&#8222;Ein Drittel der Menschen erkrankt (im Laufe des Lebens; Anm.) an einer G\u00fcrtelrose.&#8220; Deshalb sei es ein gro\u00dfes Anliegen und Projekt von Bund, Bundesl\u00e4ndern und Sozialversicherung, f\u00fcr den entsprechenden Impfschutz zu sorgen. &#8222;Die Finanzierung ist bis Ende 2028 gesichert&#8220;, sagte die Ministerin. Insgesamt w\u00fcrden f\u00fcr die kostenlosen Impfungen in \u00d6sterreich bis dahin 450 Millionen Euro bereitgestellt. Die Impfung gegen eine Reaktivierung der Varizellen-Erreger besteht aus zwei Immunisierungen im Abstand von zwei bis sechs Monaten. <\/p>\n<p>Kostenlos ist das jetzt generell f\u00fcr alle Erwachsenen im Alter \u00fcber 60 Jahren und f\u00fcr Risikopersonen ab 18 Jahre. Das sind vor allem Menschen mit schweren Grunderkrankungen, Immungeschw\u00e4chte, Personen mit Autoimmunerkrankungen (z.B. rheumatoider Arthritis), Krebskranke (z.B. auch unter Chemotherapie), Menschen nach Organtransplantationen etc. Herpes Zoster entsteht, wenn durch eine Schw\u00e4chung des Immunsystems die Erreger der Feuchtblattern (Varizellen) reaktiviert werden und damit die G\u00fcrtelrose verursachen.<\/p>\n<p>\n            30.000 G\u00fcrtelrose-Erkrankungen pro Jahr und 2.000 Spitalsaufenthalte\n          <\/p>\n<p>F\u00fcr den Pr\u00e4sidenten der \u00d6sterreichischen Gesellschaft f\u00fcr Dermatologie und Venerologie (\u00d6GDV), Robert M\u00fclleger, ist die neue Initiative ein wesentlicher Fortschritt: &#8222;Die G\u00fcrtelrose ist eine Krankheit des Nervensystems und der Haut. Wir haben in \u00d6sterreich pro Jahr mehr als 30.000 F\u00e4lle pro Jahr. Jeder dritte bis vierte Mensch erkrankt in seinem Leben. Weltweit nimmt die H\u00e4ufigkeit pro Jahr um f\u00fcnf Prozent zu. Zwei Drittel der Betroffenen \u00fcber 50 Jahre haben eine Komplikation. Die Hospitalisierungsrate betr\u00e4gt in \u00d6sterreich rund sechs Prozent. Das waren im Jahr 2022 fast 2.000 F\u00e4lle mit durchschnittlich einer Woche Krankenhausaufenthalt.&#8220;<\/p>\n<p>Am gef\u00fcrchtetsten sind im Rahmen der Erkrankung anhaltende und teilweise schwere Nervenschmerzen, die oft nur schlecht behandelt werden k\u00f6nnen. Der Hautarzt: &#8222;Die wesentlichste Komplikation ist diese &#8218;postherpetische Neuralgie&#8216;. Sie betrifft 30 Prozent der \u00fcber 50-J\u00e4hrigen, 50 Prozent der \u00fcber 60-J\u00e4hrigen und 70 Prozent der \u00fcber 70-J\u00e4hrigen mit Herpes Zoster.&#8220; 20 Prozent dieser Erkrankten leiden an diesen Schmerzen l\u00e4nger als ein Jahr, 45 Prozent berichten von t\u00e4glichen Beschwerden. &#8222;Bei bis zu 40 Prozent der Patienten sind die Schmerzen nicht ausreichend gut behandelbar.&#8220;<\/p>\n<p>\n            G\u00fcrtelrose-Impfung mit Schutzrate von mehr als 80 Prozent\n          <\/p>\n<p>Umso mehr sollte G\u00fcrtelrose laut den Aussagen bei der Pressekonferenz des Praevenire Gesundheitsforums per Impfung verhindert werden. M\u00fclleger: &#8222;Nach elf Jahren betr\u00e4gt die Schutzrate noch mehr als 80 Prozent.&#8220; Maria Paulke-Korinek, Leiterin der Abteilung Impfwesen im Gesundheitsministerium, verwies auf die &#8222;extrem hohe Krankheitslast&#8220; durch Herpes Zoster. Die ersten 100.000 Dosen der Vakzine seien bereits abgerufen worden. Das betreffe \u00f6sterreichweit rund 2.100 Institutionen, welche sie verimpfen wollen. &#8222;Zu unserer \u00dcberraschung bez\u00fcglich der Akzeptanz war der Impfstoff in nur zwei Tagen ausreserviert.&#8220; Derzeit gebe es Gespr\u00e4che \u00fcber die Nachlieferung mit dem Erzeuger. Man sei aber optimistisch noch in diesem November weiteren Impfstoff zu erhalten.<\/p>\n<p>Bei der Herpes Zoster-Impfung kommt de facto niemand zu sp\u00e4t, anders als das bei saisonal geh\u00e4uft auftretenden Erkrankungen wie Influenza, Covid-19 oder den Pneumokokken der Fall ist. Gesundheitsministerin Korinna Schumann bez\u00fcglich des derzeit ausgebuchten Impfstoffes: &#8222;Ich w\u00fcrde da nicht von Fehlplanung, sondern von Erfolg sprechen.&#8220; Faktisch k\u00e4me es bei der G\u00fcrtelrose darauf an, dass sich m\u00f6glichst viele Menschen \u00fcber 60 und Risikopersonen durchimpfen lassen, ob etwas fr\u00fcher oder sp\u00e4ter, das spielt f\u00fcr den Schutz der Bev\u00f6lkerung im Allgemeinen kaum eine Rolle.<\/p>\n<p>\n            Gratis G\u00fcrtelrose-Impfung erfreut Senioren\n          <\/p>\n<p>Erfreut \u00e4u\u00dferten sich die Seniorenvertreterinnen. Ingrid Korosec, Pr\u00e4sidentin des Seniorenbundes: &#8222;Wir sind sehr froh, dass es diese Impfung endlich gibt. Das hilft den Senioren, aber auch der Gesellschaft. Ein ges\u00fcnderes Altern muss unsere zentrale Aufgabe sein. Wir sind in der Pr\u00e4vention Nachz\u00fcgler.&#8220;<\/p>\n<p>Birgit Gerstorfer, Pr\u00e4sidentin des Pensionistenverbandes \u00d6sterreichs, erkl\u00e4rte: &#8222;Die Forderung nach kostenlosen Impfungen ist alt. Sie war immer auf der Tagesordnung.&#8220; Es sei toll, dass nun Herpes Zoster- und Pneumokokken-Immunisierung f\u00fcr Senioren kostenlos erh\u00e4lt seien. Die Aufwendungen f\u00fcr die Impfungen seien n\u00e4mlich durchaus auf der H\u00f6he der Ausgleichszulage gelegen.<\/p>\n<p>Die Vakzine sind relativ kostenintensiv. Auf der anderen Seite gehen Experten f\u00fcr \u00d6sterreich von j\u00e4hrlichen direkten und indirekten Kosten durch Herpes Zoster von rund 150 Millionen Euro aus.<\/p>\n","protected":false},"excerpt":{"rendered":"Von . &#8211; 5.11.2025 14:31 (Akt. 5.11.2025 14:32) 100.000 Dosen der G\u00fcrtelrose-Impfung wurden bereits abgerufen. \u00a9APA\/ROBERT JAEGER (Symbolbild)&hellip;\n","protected":false},"author":2,"featured_media":554002,"comment_status":"","ping_status":"","sticky":false,"template":"","format":"standard","meta":{"footnotes":""},"categories":[137],"tags":[29,30,141,34775,232,134420,102425,755,134421,1433,134422,29623,52650],"class_list":{"0":"post-554001","1":"post","2":"type-post","3":"status-publish","4":"format-standard","5":"has-post-thumbnail","7":"category-gesundheit","8":"tag-deutschland","9":"tag-germany","10":"tag-gesundheit","11":"tag-guertelrose","12":"tag-health","13":"tag-herpes-zoster","14":"tag-impfprogramm","15":"tag-impfung","16":"tag-korinna-schumann","17":"tag-oesterreich","18":"tag-pneumokokken","19":"tag-spoe","20":"tag-wien-aktuell"},"share_on_mastodon":{"url":"https:\/\/pubeurope.com\/@de\/115499670376403586","error":""},"_links":{"self":[{"href":"https:\/\/www.europesays.com\/de\/wp-json\/wp\/v2\/posts\/554001","targetHints":{"allow":["GET"]}}],"collection":[{"href":"https:\/\/www.europesays.com\/de\/wp-json\/wp\/v2\/posts"}],"about":[{"href":"https:\/\/www.europesays.com\/de\/wp-json\/wp\/v2\/types\/post"}],"author":[{"embeddable":true,"href":"https:\/\/www.europesays.com\/de\/wp-json\/wp\/v2\/users\/2"}],"replies":[{"embeddable":true,"href":"https:\/\/www.europesays.com\/de\/wp-json\/wp\/v2\/comments?post=554001"}],"version-history":[{"count":0,"href":"https:\/\/www.europesays.com\/de\/wp-json\/wp\/v2\/posts\/554001\/revisions"}],"wp:featuredmedia":[{"embeddable":true,"href":"https:\/\/www.europesays.com\/de\/wp-json\/wp\/v2\/media\/554002"}],"wp:attachment":[{"href":"https:\/\/www.europesays.com\/de\/wp-json\/wp\/v2\/media?parent=554001"}],"wp:term":[{"taxonomy":"category","embeddable":true,"href":"https:\/\/www.europesays.com\/de\/wp-json\/wp\/v2\/categories?post=554001"},{"taxonomy":"post_tag","embeddable":true,"href":"https:\/\/www.europesays.com\/de\/wp-json\/wp\/v2\/tags?post=554001"}],"curies":[{"name":"wp","href":"https:\/\/api.w.org\/{rel}","templated":true}]}}