{"id":554003,"date":"2025-11-05T23:24:18","date_gmt":"2025-11-05T23:24:18","guid":{"rendered":"https:\/\/www.europesays.com\/de\/554003\/"},"modified":"2025-11-05T23:24:18","modified_gmt":"2025-11-05T23:24:18","slug":"spektakel-in-der-champions-league-fc-bruegge-aergert-den-fc-barcelona","status":"publish","type":"post","link":"https:\/\/www.europesays.com\/de\/554003\/","title":{"rendered":"Spektakel in der Champions League: FC Br\u00fcgge \u00e4rgert den FC Barcelona"},"content":{"rendered":"<p>            <img loading=\"lazy\" decoding=\"async\" class=\"ts-image\" src=\"https:\/\/www.europesays.com\/de\/wp-content\/uploads\/2025\/11\/barca-bruegge-100.jpg\" alt=\"Seys Joaquim im Zweikampf mit Lamine Yamal\" title=\"Seys Joaquim im Zweikampf mit Lamine Yamal | IMAGO \/ Photo News\"\/><\/p>\n<p class=\"metatextline\">Stand: 05.11.2025 23:10 Uhr<\/p>\n<p class=\"textabsatz columns twelve  m-ten  m-offset-one l-eight l-offset-two\">\n        <strong>Der FC Br\u00fcgge und der FC Barcelona haben sich in der K\u00f6nigsklasse ein wahres Spektakel geliefert. Am Ende stand am vierten Champions-League-Spieltag ein 3:3 (2:1) auf der Anzeigetafel, mit dem die Belgier zufriedener sein d\u00fcrften als der Favorit, obwohl sogar die ganz gro\u00dfe \u00dcberraschung bis zum Ende in der Luft lag.<\/strong>\n    <\/p>\n<p class=\"textabsatz m-ten m-offset-one l-eight l-offset-two columns twelve\">Nicolo Tresoldi hatte Br\u00fcgge in der 6. Minute in F\u00fchrung gebracht, Ferran Torres glich aus (9.), ehe Carlos Forbs den Pausenstand herstellte (17.). In H\u00e4lfte zwei gelang Lamine Yamal der erneute Ausgleich (61.), Forbs erzielte das 3:2, ein Eigentor von Christos Tzolis besorgte das 3:3 (77.).<\/p>\n<p class=\"textabsatz m-ten m-offset-one l-eight l-offset-two columns twelve\">F\u00fcr Barcelona bedeutet das Remis den siebten Punkt und Platz elf in der Champions-League-Tabelle. Von den letzten sieben Pflichtspielen hat der spanische Meister nur drei gewonnen. Br\u00fcgge steht mit vier Punkten auf Platz 22.<\/p>\n<p>    Blitzstart in eine wilde Partie<\/p>\n<p class=\"textabsatz m-ten m-offset-one l-eight l-offset-two columns twelve\">Die Partie lief erst wenige Minuten, da zeigten die Gastgeber, dass sie an diesem Mittwochabend keinen \u00fcberbordenden Respekt vor dem Favoriten aus Katalonien haben w\u00fcrden: Forbs startete auf dem rechten Fl\u00fcgel durch und fand mit seiner flachen Hereingabe den mitgelaufenen Deutsch-Italiener Tresoldi, der in der Mitte keine M\u00fche hatte, sein zweites Champions-League-Tor im vierten Spiel zu erzielen (6.).<\/p>\n<p class=\"textabsatz m-ten m-offset-one l-eight l-offset-two columns twelve\">Geschockt wirkte Barcelona aber zun\u00e4chst keineswegs, Klement Fermin hatte nur 120 Sekunden sp\u00e4ter das Auge f\u00fcr den durchstartenden Ferran Torres, der den Ball technisch stark verarbeitete und \u00fcberlegt zum 1:1 einschoss. Die Anfangsphase deutete bereits an, was folgen w\u00fcrde: Verr\u00fcckte 90 Minuten.<\/p>\n<p>    Barca dr\u00fcckt, aber Br\u00fcgge macht das Tor<\/p>\n<p class=\"textabsatz m-ten m-offset-one l-eight l-offset-two columns twelve\">In der 11. Minute traf Fermin f\u00fcr die Mannschaft von Hansi Flick mit einem Schlenzer den Au\u00dfenpfosten, die Katalanen waren drauf und dran, die Partie schon wieder zu drehen. Stattdessen gab es den n\u00e4chsten Nackenschlag: Forbs, eben noch Vorbereiter f\u00fcr Tresoldi, wurde vom Ex-D\u00fcsseldorfer Christos Tzolis bei einem Konter auf die Reise geschickt und lie\u00df Wojchech Szczesny im Barca-Tor keine Chance: 2:1 nach 17 Minuten.<\/p>\n<p class=\"textabsatz m-ten m-offset-one l-eight l-offset-two columns twelve\">Wieder war die Mannschaft von Hansi Flick um eine Antwort bem\u00fcht und machte Druck, doch einen Abschluss von Joules Kound\u00e9 lenkte Torh\u00fcter Nordin Jackers mit den Fingerspitzen noch an die Querlatte. Bis zur Pause hatten beide Mannschaften noch diverse passable M\u00f6glichkeiten, weitere Treffer zu erzielen, doch es blieb bei der knappen F\u00fchrung f\u00fcr die Gastgeber.<\/p>\n<p>    Yamal trifft traumhaft, Forbs legt direkt wieder nach<\/p>\n<p class=\"textabsatz m-ten m-offset-one l-eight l-offset-two columns twelve\">In H\u00e4lfte zwei bot sich das gleiche Bild: Barcelona hatte deutlich mehr vom Spiel, zwischenzeitlich fast 80 Prozent Ballbesitz, doch auch die Gastgeber blieben gef\u00e4hrlich: Szczesny musste in der 49. Minute clever den Winkel verk\u00fcrzen, um das 1:3 zu verhindern, auf der anderen Seite scheiterte Lamine Yamal mit einer Gro\u00dfchance an Jackers (52.). Der Druck f\u00fcr die Belgier wuchs min\u00fctlich, das 2:2 schien immer mehr nur eine Frage der Zeit, Eric traf aus fast 30 Metern nach einer Stunde die Latte &#8211; der dritte Aluminium-Treffer der Katalanen an diesem Abend.<\/p>\n<p class=\"textabsatz m-ten m-offset-one l-eight l-offset-two columns twelve\">Eine Minute sp\u00e4ter war der Bann gebrochen: Yamals Tor war eines zum Zungeschnalzen: Erst dribbelte der Youngster auf engstem Raum zwei Gegenspieler aus, dann leitete Fermin ganz leicht aber entscheidend mit der Hacke weiter und Yamal legte den Ball mit dem Au\u00dfenrist an Jackers vorbei ins Eck.<\/p>\n<p class=\"textabsatz m-ten m-offset-one l-eight l-offset-two columns twelve\">Aber defensiv war das was Barcelona an diesem Abend bot alles andere als sattelfest: Hans Vanaken spielte einen perfekt temperierten langen Ball und die ganze Abwehrreihe war ausgehebelt. Der \u00fcberragende Forbs startete durch, traf den Ball bei seinem Abschluss nicht sauber, machte die Kugel aber dadurch f\u00fcr Szczesny unhaltbar &#8211; das 3:2 nach 63 Minuten. Und die knapp 30.000 Zuschauer bekamen keine Atempause: Jackers entsch\u00e4rfte einen Schlenzer von Yamal (69.), dann gab es Foulelfmeter f\u00fcr Br\u00fcgge, der aber nach Ansicht der Videobilder zurecht zur\u00fcckgenommen wurde (70.).<\/p>\n<p>    Br\u00fcgge am Ende im Pech<\/p>\n<p class=\"textabsatz m-ten m-offset-one l-eight l-offset-two columns twelve\">Die Schlussviertelstunde begann f\u00fcr die Belgier denkbar ungl\u00fccklich: Eine Yamal-Flanke von der rechten Seite wurde von Tzolis mit dem Kopf so verl\u00e4ngert, dass sie zum 3:3 ins lange Eck trudelte.<\/p>\n<p class=\"textabsatz m-ten m-offset-one l-eight l-offset-two columns twelve\">Dieses v\u00f6llig wilde Spiel hatte aber noch eine Schlusspointe: Romeo Vermant gr\u00e4tschte Szczesny in der Nachspielzeit so ab, dass er den Ball eroberte und das 4:3 erzielte &#8211; doch auch hier griff der Videoschiedsrichter ein: Das Tor z\u00e4hlte nicht, weil Vermant bei seiner Gr\u00e4tsche nicht den Ball, sondern nur den Torh\u00fcter ber\u00fchrt hatte. So blieb es beim Remis, das im Stadion beim Abpfiff lautstark bejubelt wurde. Zurecht.<\/p>\n","protected":false},"excerpt":{"rendered":"Stand: 05.11.2025 23:10 Uhr Der FC Br\u00fcgge und der FC Barcelona haben sich in der K\u00f6nigsklasse ein wahres&hellip;\n","protected":false},"author":2,"featured_media":554004,"comment_status":"","ping_status":"","sticky":false,"template":"","format":"standard","meta":{"footnotes":""},"categories":[136],"tags":[468,29,8834,51049,347,30,265],"class_list":{"0":"post-554003","1":"post","2":"type-post","3":"status-publish","4":"format-standard","5":"has-post-thumbnail","7":"category-sport","8":"tag-champions-league","9":"tag-deutschland","10":"tag-fc-barcelona","11":"tag-fc-bruegge","12":"tag-fussball","13":"tag-germany","14":"tag-sport"},"share_on_mastodon":{"url":"https:\/\/pubeurope.com\/@de\/115499674235528895","error":""},"_links":{"self":[{"href":"https:\/\/www.europesays.com\/de\/wp-json\/wp\/v2\/posts\/554003","targetHints":{"allow":["GET"]}}],"collection":[{"href":"https:\/\/www.europesays.com\/de\/wp-json\/wp\/v2\/posts"}],"about":[{"href":"https:\/\/www.europesays.com\/de\/wp-json\/wp\/v2\/types\/post"}],"author":[{"embeddable":true,"href":"https:\/\/www.europesays.com\/de\/wp-json\/wp\/v2\/users\/2"}],"replies":[{"embeddable":true,"href":"https:\/\/www.europesays.com\/de\/wp-json\/wp\/v2\/comments?post=554003"}],"version-history":[{"count":0,"href":"https:\/\/www.europesays.com\/de\/wp-json\/wp\/v2\/posts\/554003\/revisions"}],"wp:featuredmedia":[{"embeddable":true,"href":"https:\/\/www.europesays.com\/de\/wp-json\/wp\/v2\/media\/554004"}],"wp:attachment":[{"href":"https:\/\/www.europesays.com\/de\/wp-json\/wp\/v2\/media?parent=554003"}],"wp:term":[{"taxonomy":"category","embeddable":true,"href":"https:\/\/www.europesays.com\/de\/wp-json\/wp\/v2\/categories?post=554003"},{"taxonomy":"post_tag","embeddable":true,"href":"https:\/\/www.europesays.com\/de\/wp-json\/wp\/v2\/tags?post=554003"}],"curies":[{"name":"wp","href":"https:\/\/api.w.org\/{rel}","templated":true}]}}