{"id":554028,"date":"2025-11-05T23:37:26","date_gmt":"2025-11-05T23:37:26","guid":{"rendered":"https:\/\/www.europesays.com\/de\/554028\/"},"modified":"2025-11-05T23:37:26","modified_gmt":"2025-11-05T23:37:26","slug":"trio-soll-luxus-autos-massiv-manipuliert-haben","status":"publish","type":"post","link":"https:\/\/www.europesays.com\/de\/554028\/","title":{"rendered":"Trio soll Luxus-Autos \u201emassiv manipuliert\u201c haben"},"content":{"rendered":"<p>\t\tRazzia in Herten und Recklinghausen<br \/>\n\t\t\t\t\tTrio soll Luxus-Autos \u201emassiv manipuliert\u201c haben<\/p>\n<p>\t\t<img alt=\"\" src=\"https:\/\/www.europesays.com\/de\/wp-content\/uploads\/2025\/09\/630_0036_1215851_.jpg\"  class=\"avatar avatar-36 photo avatar-default\" height=\"36\" width=\"36\" loading=\"eager\" decoding=\"async\"\/>\t\t<a class=\"article-author__name\" href=\"https:\/\/www.hertener-allgemeine.de\/author\/andre-przybyl\/\" rel=\"author nofollow noopener\" target=\"_blank\">Andr\u00e9 Przybyl<\/a><br \/>\n\t\tRedakteur<\/p>\n<p>    <a href=\"https:\/\/www.hertener-allgemeine.de\/wp-content\/uploads\/2025\/11\/05\/12\/630_0900_5280798_-1648x824.jpg\" rel=\"nofollow noopener\" target=\"_blank\"><\/p>\n<p>            <img decoding=\"async\" fetchpriority=\"high\" src=\"https:\/\/www.europesays.com\/de\/wp-content\/uploads\/2025\/11\/630_0900_5280797_-640x428.jpg\" width=\"640\" height=\"428\"  alt=\"\"\/><\/p>\n<p>    <\/a><br \/>\n    Am Dienstag, 4. November, durchsuchte die Polizei ein Autohaus in Herten sowie Wohnungen in Herten und Recklinghausen. \u00a9 Andr\u00e9 Przybyl<\/p>\n<p class=\"article__teaser-text\">Im gro\u00dfen Stil sollen drei M\u00e4nner aus Herten und Recklinghausen Autos manipuliert haben, um sie laut Polizei zu m\u00f6glichst hohen Preisen zu verkaufen.<\/p>\n<p>3 Min Lesezeit<\/p>\n<p>Autohaus schlecht bewertetFahrzeuge wurden versiegelt<\/p>\n","protected":false},"excerpt":{"rendered":"Razzia in Herten und Recklinghausen Trio soll Luxus-Autos \u201emassiv manipuliert\u201c haben Andr\u00e9 Przybyl Redakteur Am Dienstag, 4. November,&hellip;\n","protected":false},"author":2,"featured_media":554029,"comment_status":"","ping_status":"","sticky":false,"template":"","format":"standard","meta":{"footnotes":"","_share_on_mastodon":"0"},"categories":[1848],"tags":[3364,29,548,663,3934,3658,30,13,14,15,1209,58316,12,3826],"class_list":["post-554028","post","type-post","status-publish","format-standard","has-post-thumbnail","category-gelsenkirchen","tag-de","tag-deutschland","tag-eu","tag-europa","tag-europe","tag-gelsenkirchen","tag-germany","tag-headlines","tag-nachrichten","tag-news","tag-nordrhein-westfalen","tag-polizei-staatsanwaltschaft","tag-schlagzeilen","tag-sicherheit-kriminalitaet"],"share_on_mastodon":{"url":"https:\/\/pubeurope.com\/@de\/115499726040479706","error":""},"_links":{"self":[{"href":"https:\/\/www.europesays.com\/de\/wp-json\/wp\/v2\/posts\/554028","targetHints":{"allow":["GET"]}}],"collection":[{"href":"https:\/\/www.europesays.com\/de\/wp-json\/wp\/v2\/posts"}],"about":[{"href":"https:\/\/www.europesays.com\/de\/wp-json\/wp\/v2\/types\/post"}],"author":[{"embeddable":true,"href":"https:\/\/www.europesays.com\/de\/wp-json\/wp\/v2\/users\/2"}],"replies":[{"embeddable":true,"href":"https:\/\/www.europesays.com\/de\/wp-json\/wp\/v2\/comments?post=554028"}],"version-history":[{"count":0,"href":"https:\/\/www.europesays.com\/de\/wp-json\/wp\/v2\/posts\/554028\/revisions"}],"wp:featuredmedia":[{"embeddable":true,"href":"https:\/\/www.europesays.com\/de\/wp-json\/wp\/v2\/media\/554029"}],"wp:attachment":[{"href":"https:\/\/www.europesays.com\/de\/wp-json\/wp\/v2\/media?parent=554028"}],"wp:term":[{"taxonomy":"category","embeddable":true,"href":"https:\/\/www.europesays.com\/de\/wp-json\/wp\/v2\/categories?post=554028"},{"taxonomy":"post_tag","embeddable":true,"href":"https:\/\/www.europesays.com\/de\/wp-json\/wp\/v2\/tags?post=554028"}],"curies":[{"name":"wp","href":"https:\/\/api.w.org\/{rel}","templated":true}]}}