{"id":554311,"date":"2025-11-06T02:33:18","date_gmt":"2025-11-06T02:33:18","guid":{"rendered":"https:\/\/www.europesays.com\/de\/554311\/"},"modified":"2025-11-06T02:33:18","modified_gmt":"2025-11-06T02:33:18","slug":"einsatz-in-chemnitz-werkzeuge-fliegen-auf-strasse","status":"publish","type":"post","link":"https:\/\/www.europesays.com\/de\/554311\/","title":{"rendered":"Einsatz in Chemnitz: Werkzeuge fliegen auf Stra\u00dfe"},"content":{"rendered":"<p>\t\t\tEinsatz in Chemnitz: Werkzeuge fliegen auf Stra\u00dfe<br \/>\n\t\t\t\t\t\t\t\t\t\t\t\tGegenst\u00e4nde fliegen aus dem Fenster \u2013 Spezialeinheiten im Einsatz<\/p>\n<p>\n\t\t\t\t\t05.11.2025, 22:14 Uhr\t\t\t\t<\/p>\n<p>\t\t\t\t<a id=\"whatsapp_channel_link\" href=\"https:\/\/whatsapp.com\/channel\/0029Va6RBvnLY6dCNLfeAA0c\" data-ct=\"SHARE\/WHATSAPPKANAL\" rel=\"nofollow noopener\" target=\"_blank\"><br \/>\n\t\t\t\t\t<img decoding=\"async\" alt=\"Zum Blick WhatsApp Kanal\" src=\"https:\/\/www.blick.de\/img\/WhatsApp-Kanal.svg\"\/><br \/>\n\t\t\t\t<\/a><\/p>\n<ul class=\"gallery-items\">\n<li class=\"img gallery-item\">\n<p>\t\t\t\t\t\t\t\t\t\t\t\t\t\t\t\t\t\t\t\t\t\t\t\t\t\t\t\t\t\t\t\t\t\t\t\t\t\t\t\t\t\t\t\t\t\t<img decoding=\"async\" class=\"media-image \" loading=\"eager\" src=\"https:\/\/www.europesays.com\/de\/wp-content\/uploads\/2025\/11\/17529644_W400C2040x1360o0x0.jpg\" alt=\"Einsatz in Chemnitz: Werkzeuge fliegen auf Stra\u00dfe - Einsatzkr\u00e4fte von Polizei und Rettungsdienst stehen in der Elisenstra\u00dfe im Austausch. Die Stra\u00dfe blieb w\u00e4hrend des Einsatzes vollst\u00e4ndig gesperrt.\"   style=\"&#10;&#9;&#9;&#9;aspect-ratio:2040\/1360;&#10;&#9;&#9;&#9;background: url(data:image\/jpg;base64,\/9j\/4AAQSkZJRgABAQEBXgFeAAD\/2wBDAAUDBAQEAwUEBAQFBQUGBwwIBwcHBw8LCwkMEQ8SEhEPERETFhwXExQaFRERGCEYGh0dHx8fExciJCIeJBweHx7\/2wBDAQUFBQcGBw4ICA4eFBEUHh4eHh4eHh4eHh4eHh4eHh4eHh4eHh4eHh4eHh4eHh4eHh4eHh4eHh4eHh4eHh4eHh7\/wAARCAAHAAoDASEAAhEBAxEB\/8QAFQABAQAAAAAAAAAAAAAAAAAAAAf\/xAAgEAACAgEDBQAAAAAAAAAAAAABAgMEEQAFIQYHE0Fh\/8QAFQEBAQAAAAAAAAAAAAAAAAAABAX\/xAAdEQACAgEFAAAAAAAAAAAAAAABAgARBBIhMVGB\/9oADAMBAAIRAxEAPwCIbnv3Td2t4r9Wu0is0hamJlQFgwAw+STkA4BA+6QdwrcMCQxVtsWONQqApISAOBz71SOfSBdPsUFSg97nkdT\/2Q==) no-repeat left top; background-size: cover;&#9;&#9;&#9;width: 100%;&#9;&#9;\"\/><\/p>\n<p>\n\t\t\t\t\t\t\t\t\tEinsatzkr\u00e4fte von Polizei und Rettungsdienst stehen in der Elisenstra\u00dfe im Austausch. Die Stra\u00dfe blieb w\u00e4hrend des Einsatzes vollst\u00e4ndig gesperrt. Foto: Harry Haertel\n\t\t\t\t\t\t\t\t<\/p>\n<\/li>\n<li class=\"img gallery-item\">\n<p>\t\t\t\t\t\t\t\t\t\t\t\t\t\t\t\t\t\t\t\t\t\t\t\t\t\t\t\t\t\t\t\t\t\t\t\t\t\t\t\t\t<img decoding=\"async\" class=\"media-image \" loading=\"lazy\" src=\"https:\/\/www.europesays.com\/de\/wp-content\/uploads\/2025\/11\/17529648_W400C2040x1360o0x0.jpg\" alt=\"Einsatz in Chemnitz: Werkzeuge fliegen auf Stra\u00dfe - Einsatzkr\u00e4fte der Feuerwehr Chemnitz bringen ein Sprungpolster in Stellung, um einen m\u00f6glichen Sprung aus dem Fenster abzufangen.\"   style=\"&#10;&#9;&#9;&#9;aspect-ratio:2040\/1360;&#10;&#9;&#9;&#9;background: url(data:image\/jpg;base64,\/9j\/4AAQSkZJRgABAQEBXgFeAAD\/2wBDAAUDBAQEAwUEBAQFBQUGBwwIBwcHBw8LCwkMEQ8SEhEPERETFhwXExQaFRERGCEYGh0dHx8fExciJCIeJBweHx7\/2wBDAQUFBQcGBw4ICA4eFBEUHh4eHh4eHh4eHh4eHh4eHh4eHh4eHh4eHh4eHh4eHh4eHh4eHh4eHh4eHh4eHh4eHh7\/wAARCAAHAAoDASEAAhEBAxEB\/8QAFQABAQAAAAAAAAAAAAAAAAAABgf\/xAAgEAACAQMEAwAAAAAAAAAAAAABAgMEBREABhJhITGi\/8QAFAEBAAAAAAAAAAAAAAAAAAAABP\/EAB0RAAICAQUAAAAAAAAAAAAAAAERAAIDBBITMaH\/2gAMAwEAAhEDEQA\/AIzZNqbRsApY7jdqh62o5x1jCnJjgUH2mPLZ7x3oPLdCsrqsEDAMQDgDPzoeHUXzE7wEOk\/Ym1OMoT\/\/2Q==) no-repeat left top; background-size: cover;&#9;&#9;&#9;width: 100%;&#9;&#9;\"\/><\/p>\n<p>\n\t\t\t\t\t\t\t\t\tEinsatzkr\u00e4fte der Feuerwehr Chemnitz bringen ein Sprungpolster in Stellung, um einen m\u00f6glichen Sprung aus dem Fenster abzufangen. Foto: Harry Haertel\n\t\t\t\t\t\t\t\t<\/p>\n<\/li>\n<li class=\"img gallery-item\">\n<p>\t\t\t\t\t\t\t\t\t\t\t\t\t\t\t\t\t\t\t\t\t\t\t\t\t\t\t\t\t\t\t\t\t\t\t\t\t\t\t\t\t<img decoding=\"async\" class=\"media-image \" loading=\"lazy\" src=\"https:\/\/www.europesays.com\/de\/wp-content\/uploads\/2025\/11\/17529652_W400C2040x1360o0x0.jpg\" alt=\"Einsatz in Chemnitz: Werkzeuge fliegen auf Stra\u00dfe - Schwer ausger\u00fcstete Polizeikr\u00e4fte bereiten sich an der Elisenstra\u00dfe auf den Zugriff vor. Der Bereich wurde weitr\u00e4umig abgesperrt.\"   style=\"&#10;&#9;&#9;&#9;aspect-ratio:2040\/1360;&#10;&#9;&#9;&#9;background: url(data:image\/jpg;base64,\/9j\/4AAQSkZJRgABAQEBXgFeAAD\/2wBDAAUDBAQEAwUEBAQFBQUGBwwIBwcHBw8LCwkMEQ8SEhEPERETFhwXExQaFRERGCEYGh0dHx8fExciJCIeJBweHx7\/2wBDAQUFBQcGBw4ICA4eFBEUHh4eHh4eHh4eHh4eHh4eHh4eHh4eHh4eHh4eHh4eHh4eHh4eHh4eHh4eHh4eHh4eHh7\/wAARCAAHAAoDASEAAhEBAxEB\/8QAFQABAQAAAAAAAAAAAAAAAAAABAf\/xAAjEAABAwMCBwAAAAAAAAAAAAABAgMEBhEhBSIAEhcxM1HB\/8QAFAEBAAAAAAAAAAAAAAAAAAAABP\/EABoRAQADAAMAAAAAAAAAAAAAAAEAAgMRE0H\/2gAMAwEAAhEDEQA\/AIroFK09ULEluEWZM+KypSEhDrIKEAHFyR25sk3vbHtXS6OjYdYXtx4b\/eCbaNU6zkja0PWf\/9k=) no-repeat left top; background-size: cover;&#9;&#9;&#9;width: 100%;&#9;&#9;\"\/><\/p>\n<p>\n\t\t\t\t\t\t\t\t\tSchwer ausger\u00fcstete Polizeikr\u00e4fte bereiten sich an der Elisenstra\u00dfe auf den Zugriff vor. Der Bereich wurde weitr\u00e4umig abgesperrt. Foto: Harry Haertel\n\t\t\t\t\t\t\t\t<\/p>\n<\/li>\n<li class=\"img gallery-item\">\n<p>\t\t\t\t\t\t\t\t\t\t\t\t\t\t\t\t\t\t\t\t\t\t\t\t\t\t\t\t\t\t\t\t\t\t\t\t\t\t\t\t\t<img decoding=\"async\" class=\"media-image \" loading=\"lazy\" src=\"https:\/\/www.europesays.com\/de\/wp-content\/uploads\/2025\/11\/17529653_W400C2040x1360o0x0.jpg\" alt=\"Einsatz in Chemnitz: Werkzeuge fliegen auf Stra\u00dfe - Polizei und Feuerwehr im abgestperrten Bereich der Elisenstra\u00dfe. Ein Sprungpolster wurde in Stellung gebracht, w\u00e4hrend Spezialeinsatzkr\u00e4fte das Geb\u00e4ude sicherten.\"   style=\"&#10;&#9;&#9;&#9;aspect-ratio:2040\/1360;&#10;&#9;&#9;&#9;background: url(data:image\/jpg;base64,\/9j\/4AAQSkZJRgABAQEBXgFeAAD\/2wBDAAUDBAQEAwUEBAQFBQUGBwwIBwcHBw8LCwkMEQ8SEhEPERETFhwXExQaFRERGCEYGh0dHx8fExciJCIeJBweHx7\/2wBDAQUFBQcGBw4ICA4eFBEUHh4eHh4eHh4eHh4eHh4eHh4eHh4eHh4eHh4eHh4eHh4eHh4eHh4eHh4eHh4eHh4eHh7\/wAARCAAHAAoDASEAAhEBAxEB\/8QAFQABAQAAAAAAAAAAAAAAAAAAAAf\/xAAeEAACAQQDAQAAAAAAAAAAAAABAgMEBQYRACExQf\/EABUBAQEAAAAAAAAAAAAAAAAAAAMF\/8QAHREAAAYDAQAAAAAAAAAAAAAAAAECAwQhETFh4f\/aAAwDAQACEQMRAD8Aj+PWW3Y\/Wte6qla4M8LyUrrKUCtoFBr07BYEnzXXzie45NLPJJDFRrG7FkVoIyQCegTvs8rszI9liu+B0odbUd7H\/9k=) no-repeat left top; background-size: cover;&#9;&#9;&#9;width: 100%;&#9;&#9;\"\/><\/p>\n<p>\n\t\t\t\t\t\t\t\t\tPolizei und Feuerwehr im abgestperrten Bereich der Elisenstra\u00dfe. Ein Sprungpolster wurde in Stellung gebracht, w\u00e4hrend Spezialeinsatzkr\u00e4fte das Geb\u00e4ude sicherten. Foto: Harry Haertel\n\t\t\t\t\t\t\t\t<\/p>\n<\/li>\n<li class=\"img gallery-item\">\n<p>\t\t\t\t\t\t\t\t\t\t\t\t\t\t\t\t\t\t\t\t\t\t\t\t\t\t\t\t\t\t\t\t\t\t\t\t\t\t\t\t\t<img decoding=\"async\" class=\"media-image \" loading=\"lazy\" src=\"https:\/\/www.europesays.com\/de\/wp-content\/uploads\/2025\/11\/17529658_W400C2040x1360o0x0.jpg\" alt=\"Einsatz in Chemnitz: Werkzeuge fliegen auf Stra\u00dfe - Tr\u00fcmmerteile liegen auf der Fahrbahn. Der Mann soll zuvor Werkzeuge und Gegenst\u00e4nde auf geparkte Fahrzeuge geworfen haben.\"   style=\"&#10;&#9;&#9;&#9;aspect-ratio:2040\/1360;&#10;&#9;&#9;&#9;background: url(data:image\/jpg;base64,\/9j\/4AAQSkZJRgABAQEBXgFeAAD\/2wBDAAUDBAQEAwUEBAQFBQUGBwwIBwcHBw8LCwkMEQ8SEhEPERETFhwXExQaFRERGCEYGh0dHx8fExciJCIeJBweHx7\/2wBDAQUFBQcGBw4ICA4eFBEUHh4eHh4eHh4eHh4eHh4eHh4eHh4eHh4eHh4eHh4eHh4eHh4eHh4eHh4eHh4eHh4eHh7\/wAARCAAHAAoDASEAAhEBAxEB\/8QAFQABAQAAAAAAAAAAAAAAAAAAAwf\/xAAdEAACAwACAwAAAAAAAAAAAAABAwIEEQAhMZPS\/8QAFQEBAQAAAAAAAAAAAAAAAAAAAgP\/xAAbEQABBQEBAAAAAAAAAAAAAAABAAIDBCEREv\/aAAwDAQACEQMRAD8AncLDK7Hts1lvYQICTcn14GaDmDhhrMG1K3pX88MNp8Y8nVeWu156MX\/\/2Q==) no-repeat left top; background-size: cover;&#9;&#9;&#9;width: 100%;&#9;&#9;\"\/><\/p>\n<p>\n\t\t\t\t\t\t\t\t\tTr\u00fcmmerteile liegen auf der Fahrbahn. Der Mann soll zuvor Werkzeuge und Gegenst\u00e4nde auf geparkte Fahrzeuge geworfen haben. Foto: Harry Haertel\n\t\t\t\t\t\t\t\t<\/p>\n<\/li>\n<\/ul>\n<p>1\/5<\/p>\n<p>\t\t\t\t\t\t\t\t\t\t\t\t\t\t\t\t\t\t\t\t\t\t\t\t\t\t\t\t\t\t<b class=\"ortsmarke\">Chemnitz.<\/b>\u00a0<\/p>\n<p>Am Mittwochabend kam es in der Elisenstra\u00dfe zu einem gr\u00f6\u00dferen Einsatz von <a href=\"https:\/\/www.blick.de\/thema\/organisation\/polizei\" title=\"Polizei\" class=\"internal-article-link\" data-ct=\"ENTITY\/ORGANISATION\/POLIZEI\" rel=\"nofollow noopener\" target=\"_blank\">Polizei<\/a>, <a href=\"https:\/\/www.blick.de\/thema\/organisation\/feuerwehr\" title=\"Feuerwehr\" class=\"internal-article-link\" data-ct=\"ENTITY\/ORGANISATION\/FEUERWEHR\" rel=\"nofollow noopener\" target=\"_blank\">Feuerwehr<\/a> und Rettungsdienst. Gegen 20 Uhr wurde gemeldet, dass ein Mann im Obergeschoss eines Hauses randalierte und begann, Schraubenschl\u00fcssel, Werkzeuge sowie weitere Gegenst\u00e4nde auf Polizisten, geparkte Autos und vermutlich auch auf Hausbewohner zu werfen. Die Hintergr\u00fcnde des Vorfalls sind derzeit noch unklar.<\/p>\n<p>\t\t\t\t\t\t\t\t\t\t\t\t\t\t\t\t\t\tPolizei st\u00fcrmt das Geb\u00e4ude<\/p>\n<p>Die Situation eskalierte, woraufhin mehrere Beamte mit schwerer Schutzausr\u00fcstung und Schutzschilden das Geb\u00e4ude st\u00fcrmten, um den Mann zu \u00fcberw\u00e4ltigen. Zur Absicherung stellte die Feuerwehr ein Sprungpolster auf, um einen m\u00f6glichen Sprung des Mannes aus dem Fenster abzufangen.<\/p>\n<p>\t\t\t\t\t\t\t\t\t\t\t\t\t\t\t\t\t\tFeuerwehr und Rettungsdienst im Einsatz<\/p>\n<p>Nach kurzer Zeit gelang es den Einsatzkr\u00e4ften, den Mann zu \u00fcberw\u00e4ltigen. Er wurde anschlie\u00dfend vom Rettungsdienst und einem Notarzt versorgt und in eine Klinik gebracht.<\/p>\n<p>\t\t\t\t\t\t\t\t\t\t\t\t\t\t\t\t\t\tStra\u00dfe voll gesperrt<\/p>\n<p>W\u00e4hrend des Einsatzes blieb die Elisenstra\u00dfe f\u00fcr den Verkehr voll gesperrt. Die Polizei hat Ermittlungen zu den genauen Umst\u00e4nden aufgenommen.<\/p>\n","protected":false},"excerpt":{"rendered":"Einsatz in Chemnitz: Werkzeuge fliegen auf Stra\u00dfe Gegenst\u00e4nde fliegen aus dem Fenster \u2013 Spezialeinheiten im Einsatz 05.11.2025, 22:14&hellip;\n","protected":false},"author":2,"featured_media":554312,"comment_status":"","ping_status":"","sticky":false,"template":"","format":"standard","meta":{"footnotes":""},"categories":[1851],"tags":[2770,3364,29,548,663,3934,30,13,17318,14,15,859,12],"class_list":{"0":"post-554311","1":"post","2":"type-post","3":"status-publish","4":"format-standard","5":"has-post-thumbnail","7":"category-chemnitz","8":"tag-chemnitz","9":"tag-de","10":"tag-deutschland","11":"tag-eu","12":"tag-europa","13":"tag-europe","14":"tag-germany","15":"tag-headlines","16":"tag-kriminalitaet-verstoesse","17":"tag-nachrichten","18":"tag-news","19":"tag-sachsen","20":"tag-schlagzeilen"},"share_on_mastodon":{"url":"https:\/\/pubeurope.com\/@de\/115500418110500771","error":""},"_links":{"self":[{"href":"https:\/\/www.europesays.com\/de\/wp-json\/wp\/v2\/posts\/554311","targetHints":{"allow":["GET"]}}],"collection":[{"href":"https:\/\/www.europesays.com\/de\/wp-json\/wp\/v2\/posts"}],"about":[{"href":"https:\/\/www.europesays.com\/de\/wp-json\/wp\/v2\/types\/post"}],"author":[{"embeddable":true,"href":"https:\/\/www.europesays.com\/de\/wp-json\/wp\/v2\/users\/2"}],"replies":[{"embeddable":true,"href":"https:\/\/www.europesays.com\/de\/wp-json\/wp\/v2\/comments?post=554311"}],"version-history":[{"count":0,"href":"https:\/\/www.europesays.com\/de\/wp-json\/wp\/v2\/posts\/554311\/revisions"}],"wp:featuredmedia":[{"embeddable":true,"href":"https:\/\/www.europesays.com\/de\/wp-json\/wp\/v2\/media\/554312"}],"wp:attachment":[{"href":"https:\/\/www.europesays.com\/de\/wp-json\/wp\/v2\/media?parent=554311"}],"wp:term":[{"taxonomy":"category","embeddable":true,"href":"https:\/\/www.europesays.com\/de\/wp-json\/wp\/v2\/categories?post=554311"},{"taxonomy":"post_tag","embeddable":true,"href":"https:\/\/www.europesays.com\/de\/wp-json\/wp\/v2\/tags?post=554311"}],"curies":[{"name":"wp","href":"https:\/\/api.w.org\/{rel}","templated":true}]}}