{"id":554689,"date":"2025-11-06T06:06:14","date_gmt":"2025-11-06T06:06:14","guid":{"rendered":"https:\/\/www.europesays.com\/de\/554689\/"},"modified":"2025-11-06T06:06:14","modified_gmt":"2025-11-06T06:06:14","slug":"bagger-in-stuttgart-entgleist-s-bahn-verkehr-laeuft-am-donnerstag-6-11-wieder-nachrichten-aus-dem-rems-murr-kreis","status":"publish","type":"post","link":"https:\/\/www.europesays.com\/de\/554689\/","title":{"rendered":"Bagger in Stuttgart entgleist: S-Bahn-Verkehr l\u00e4uft am Donnerstag (6.11.) wieder &#8211; Nachrichten aus dem Rems-Murr-Kreis"},"content":{"rendered":"<p><strong>Vaihingen\/Stuttgart.<\/strong>  Nach der Bagger-Entgleisung im Bahnhof Vaihingen konnte der Bagger inzwischen erfolgreich geborgen werden. Das meldete der Verkehrsverbund am Donnerstagmorgen (6.11.).<\/p>\n<p>\u201eDie besch\u00e4digten Gleise wurden repariert. Seit den fr\u00fchen Morgenstunden stehen wieder alle Gleise zur Verf\u00fcgung und die Linien S1, S2 und S3 k\u00f6nnen regul\u00e4r verkehren.\u201c<\/p>\n<p>Bagger bei Bauarbeiten entgleist<\/p>\n<p>Ein Bagger war am Mittwoch (5.11.) bei Bauarbeiten im Bahnhof<\/p>\n","protected":false},"excerpt":{"rendered":"Vaihingen\/Stuttgart. Nach der Bagger-Entgleisung im Bahnhof Vaihingen konnte der Bagger inzwischen erfolgreich geborgen werden. Das meldete der Verkehrsverbund&hellip;\n","protected":false},"author":2,"featured_media":554690,"comment_status":"","ping_status":"","sticky":false,"template":"","format":"standard","meta":{"footnotes":""},"categories":[1830],"tags":[1634,1739,3364,29,30,8760,1949,1441,63752],"class_list":{"0":"post-554689","1":"post","2":"type-post","3":"status-publish","4":"format-standard","5":"has-post-thumbnail","7":"category-stuttgart","8":"tag-baden-wuerttemberg","9":"tag-bahn","10":"tag-de","11":"tag-deutschland","12":"tag-germany","13":"tag-rems-murr-kreis","14":"tag-s-bahn","15":"tag-stuttgart","16":"tag-vaihingen"},"share_on_mastodon":{"url":"https:\/\/pubeurope.com\/@de\/115501254819275773","error":""},"_links":{"self":[{"href":"https:\/\/www.europesays.com\/de\/wp-json\/wp\/v2\/posts\/554689","targetHints":{"allow":["GET"]}}],"collection":[{"href":"https:\/\/www.europesays.com\/de\/wp-json\/wp\/v2\/posts"}],"about":[{"href":"https:\/\/www.europesays.com\/de\/wp-json\/wp\/v2\/types\/post"}],"author":[{"embeddable":true,"href":"https:\/\/www.europesays.com\/de\/wp-json\/wp\/v2\/users\/2"}],"replies":[{"embeddable":true,"href":"https:\/\/www.europesays.com\/de\/wp-json\/wp\/v2\/comments?post=554689"}],"version-history":[{"count":0,"href":"https:\/\/www.europesays.com\/de\/wp-json\/wp\/v2\/posts\/554689\/revisions"}],"wp:featuredmedia":[{"embeddable":true,"href":"https:\/\/www.europesays.com\/de\/wp-json\/wp\/v2\/media\/554690"}],"wp:attachment":[{"href":"https:\/\/www.europesays.com\/de\/wp-json\/wp\/v2\/media?parent=554689"}],"wp:term":[{"taxonomy":"category","embeddable":true,"href":"https:\/\/www.europesays.com\/de\/wp-json\/wp\/v2\/categories?post=554689"},{"taxonomy":"post_tag","embeddable":true,"href":"https:\/\/www.europesays.com\/de\/wp-json\/wp\/v2\/tags?post=554689"}],"curies":[{"name":"wp","href":"https:\/\/api.w.org\/{rel}","templated":true}]}}