{"id":554691,"date":"2025-11-06T06:07:13","date_gmt":"2025-11-06T06:07:13","guid":{"rendered":"https:\/\/www.europesays.com\/de\/554691\/"},"modified":"2025-11-06T06:07:13","modified_gmt":"2025-11-06T06:07:13","slug":"doppelhaushalt-in-stuttgart-streichlisten-oeffentlich-wen-trifft-das-spardiktat-der-stadt","status":"publish","type":"post","link":"https:\/\/www.europesays.com\/de\/554691\/","title":{"rendered":"Doppelhaushalt in Stuttgart: Streichlisten \u00f6ffentlich \u2013 wen trifft das Spardiktat der Stadt?"},"content":{"rendered":"<p>Stuttgart ist auf Sparkurs. Wir zeigen in einer interaktiven \u00dcbersicht, welche Investitionen, Programme und Projekte die Verwaltung streichen will.<\/p>\n<p>Noch sind die ver\u00f6ffentlichten Sparlisten der \u00c4mter f\u00fcr den Doppelhaushalt 2026\/27 nicht abschlie\u00dfend, aber bereits jetzt zeigt sich das Ausma\u00df, mit dem in der Landeshauptstadt in allen Bereichen gek\u00fcrzt werden muss \u2013 <a href=\"https:\/\/www.stuttgarter-nachrichten.de\/inhalt.doppelhaushalt-stuttgart-hunde-anwohnerparken-kita-plaetze-dafuer-sollen-stuttgarter-mehr-zahlen.c7ad105e-c7a9-4858-8f53-1535d91cc613.html\" target=\"_blank\" rel=\"noopener\">und Geb\u00fchren f\u00fcr B\u00fcrgerinnen und B\u00fcrger steigen sollen:<\/a> Es trifft Kultur- ebenso wie Klimaschutzprojekte. Soziale Anlaufstellen wie Familien, die mehr f\u00fcr Kitas und Sch\u00fclerbetreuung zahlen sollen.<\/p>\n<p>Es fehlen noch 200 Millionen Euro bis zum Sparziel der Stadt <a href=\"https:\/\/www.stuttgarter-nachrichten.de\/thema\/Stuttgart\" title=\"Stuttgart\" class=\"art_thema\" target=\"_blank\" rel=\"noopener\">Stuttgart<\/a> <\/p>\n<p> Zusammen mit dem Entwurf zum Doppelhaushalt 2026\/27 ver\u00f6ffentlichte die Stadt Listen mit Ma\u00dfnahmen, die die \u00c4mter vorschlagen, um den Haushalt zu konsolidieren. Diese Liste ver\u00f6ffentlichen wir hier vollst\u00e4ndig und machen sie \u2013 nach \u00c4mtern gegliedert \u2013 durchsuchbar. Weil nach wie vor 200 Millionen Einsparvolumen fehlen, werden die \u00c4mter in den kommenden Wochen weitere Listen mit Streichposten f\u00fcr den Gemeinderat nachreichen. Wir werden unsere \u00dcbersicht deshalb fortlaufend aktualisieren. <\/p>\n<p>In der folgenden Tabelle k\u00f6nnen Sie die Streichliste der Stadt durchsuchen (Suchfeld links \u00fcber der Tabelle) oder durchbl\u00e4ttern (Button rechts \u00fcber der Tabelle). Alle Zahlen beziehen sich dabei auf die Summe, die unterm Strich \u00fcber beide Haushaltsjahre zusammen eingespart werden soll \u2013 also 2026 und 2027 zusammengerechnet:<\/p>\n<p>Da die Beratungen noch in Gange sind, kann sich auf den Listen manches \u00e4ndern, bis der Haushalt am 19. Dezember verabschiedet werden soll. Ein Beispiel daf\u00fcr sind die geplanten Erh\u00f6hungen von Kita-Geb\u00fchren. <a href=\"https:\/\/www.stuttgarter-nachrichten.de\/inhalt.kinderbetreuung-in-stuttgart-gebuehren-fuer-staedtische-kitas-sollen-auf-bis-zu-828-euro-im-monat-steigen.ea7d0a80-a972-4e0a-a4ff-eb60fafe5dc2.html\" target=\"_blank\" rel=\"noopener\">Die Verwaltungen hatte einen Vorschlag eingebracht, der eine schrittweise Erh\u00f6hung der Elternbeitr\u00e4ge bis 2031 auf bis zu 828 Euro pro Monat<\/a> (Ganztagsplatz f\u00fcr Unter-3-J\u00e4hrige) vorsah. <\/p>\n<p> <a href=\"https:\/\/www.stuttgarter-nachrichten.de\/inhalt.haushalt-in-stuttgart-828-euro-schwarz-gruen-kippt-extreme-kitagebuehr-der-verwaltung.70181344-46f8-46a1-a48f-fb876137f3c3.html\" target=\"_blank\" rel=\"noopener\">In einem gemeinsamen Antrag haben die Fraktionen von CDU und Gr\u00fcnen bereits klar gemacht, dass sie das nicht mittragen werden.<\/a> Sie sehen eine moderatere Erh\u00f6hung vor. Die beiden Fraktionen haben zusammen 28 von 60 Gemeinderatssitzen. Da auch andere Fraktionen die Geb\u00fchrenerh\u00f6hung in diesem Ausma\u00df ablehnen, ist also unwahrscheinlich, dass sie so beschlossen wird, wie urspr\u00fcnglich vorgeschlagen. <\/p>\n<p>Auch <a href=\"https:\/\/www.stuttgarter-nachrichten.de\/thema\/Investitionen\" title=\"Investitionen\" class=\"art_thema\" target=\"_blank\" rel=\"noopener\">Investitionen<\/a> werden in Stuttgart gek\u00fcrzt <\/p>\n<p>Auch die Investitionen der Stadt sollen massiv zur\u00fcckgehen. Eine weitere Streichliste der Stadtverwaltung zeigt, welche Investitionsprojekte im Doppelhaushalt 2026\/27 dem Rotstift zum Opfer fallen k\u00f6nnten. Unsere Redaktion macht auch diese Liste durchsuchbar.<\/p>\n<p> <a href=\"https:\/\/www.stuttgarter-nachrichten.de\/inhalt.personalrat-fordert-solidaritaet-stuttgart-soll-gehalt-der-buergermeister-kuerzen.eaa1e9b5-1b3d-4fc6-8559-002622ebd95a.html\" target=\"_blank\" rel=\"noopener\">Insgesamt k\u00f6nnen die f\u00fcnf Referate der Stadt (Wirtschaft\/Finanzen\/Beteiligung, Jugend\/Bildung, Sicherheit\/Ordnung\/Sport, St\u00e4dtebau\/Wohnen\/Umwelt, Tiefbau) Projekte<\/a> \u00fcber 152 Millionen Euro nicht umsetzen. Dazu geh\u00f6ren auch 60 Millionen, die der SSB als R\u00fccklage zuflie\u00dfen sollten. Alle in diesem Beitrag genannten Zahlen beziehen sich dabei auf die Planung bis einschlie\u00dflich 2030.<\/p>\n<p>Unter den Streichungen finden sich gro\u00dfe Posten wie die Sanierung von Flachdach und Sonnenschutz des Treffpunkts Roteb\u00fchlplatz (8,6 Millionen Euro) oder die Sanierung des Solebads Bad Cannstatt (24,7 Millionen Euro). <\/p>\n<p> Aber auch kleinere Posten wie die Erneuerung des Au\u00dfenspielbereichs der Kolping-Kita (130.000 Euro), die Umr\u00fcstung des Flutlichts auf LED im Gazi-Stadion oder die Verlegung des Ehrengrabs von Lothar Sp\u00e4th auf den Waldfriedhof (23.000) sind betroffen. Gespart wird bei den Feuerwehren ebenso wie bei Schulen, Stadtteilbibliotheken und Parkanlagen.<\/p>\n<p>In der folgenden Tabelle k\u00f6nnen Sie die Streichliste der Stadt durchsuchen (Suchfeld links \u00fcber der Tabelle) oder durchbl\u00e4ttern (Button rechts \u00fcber der Tabelle). Auch hier kann es bis zur Abstimmung am 19. Dezember noch zu \u00c4nderungen kommen:<\/p>\n<p>In manchen F\u00e4llen werden nicht die gesamten Projekte gestrichen, sondern es werden Mehrkosten gekappt, die die \u00c4mter eigentlich dringend zus\u00e4tzlich angemeldet hatten. Die Eintr\u00e4ge in der Tabelle sind entsprechend gekennzeichnet. Weil die Stadt einen generellen Planungsstopp f\u00fcr neue Projekte vorsieht, tauchen in der Liste zudem immer wieder \u201ePlanungsmittel\u201c auf, also Geld, das nur f\u00fcr Planungen und Vorbereitungen gedacht war \u2013 beispielsweise 3,5 Millionen f\u00fcr das Walz-Areal in Weilimdorf. Die Kosten f\u00fcr den eigentlichen Bau w\u00fcrden bei solchen Posten meist noch wesentlich h\u00f6her liegen.<\/p>\n<p> Stadt Stuttgart investiert 2,4 Milliarden Euro <\/p>\n<p>Unsere Liste bildet nur einen Teil der Projekte ab, die vorerst nicht umgesetzt werden sollen. Betroffen sind ebenfalls zahlreiche Investitionsvorhaben der \u00c4mter, die als weniger dringlich gelten und noch in einem sehr fr\u00fchen Planungsstadium waren. Gleichzeitig plant Stuttgart aber bis 2030 allein mit rund 2,4 Milliarden Euro an Investitionen in gr\u00f6\u00dfere Projekte wie die w\u00fcrttembergischen Staatstheater, die Feuerwache 3 in Bad Cannstatt sowie das Haus f\u00fcr Film und Medien. <\/p>\n<p>Auch \u00fcber die Investitionen, auf die sich die Stadt konzentrieren will, geben wir hier einen \u00dcberblick. Auch diese Tabelle k\u00f6nnen Sie durchsuchen und durchbl\u00e4ttern.<\/p>\n<p>\u00dcber den Doppelhaushalt 2026\/27 muss nun der Gemeinderat beraten. Er soll am 19. Dezember verabschiedet werden.<\/p>\n","protected":false},"excerpt":{"rendered":"Stuttgart ist auf Sparkurs. Wir zeigen in einer interaktiven \u00dcbersicht, welche Investitionen, Programme und Projekte die Verwaltung streichen&hellip;\n","protected":false},"author":2,"featured_media":554692,"comment_status":"","ping_status":"","sticky":false,"template":"","format":"standard","meta":{"footnotes":""},"categories":[1830],"tags":[1634,3364,29,125670,30,8781,128863,6597,9951,124798,125671,20635,1441,8555],"class_list":{"0":"post-554691","1":"post","2":"type-post","3":"status-publish","4":"format-standard","5":"has-post-thumbnail","7":"category-stuttgart","8":"tag-baden-wuerttemberg","9":"tag-de","10":"tag-deutschland","11":"tag-doppelhaushalt-2026-27","12":"tag-germany","13":"tag-grafik","14":"tag-haushaltsberatungen","15":"tag-infografik","16":"tag-investitionen","17":"tag-sparhaushalt","18":"tag-streichliste","19":"tag-stuttgar","20":"tag-stuttgart","21":"tag-tabelle"},"share_on_mastodon":{"url":"https:\/\/pubeurope.com\/@de\/115501258834007379","error":""},"_links":{"self":[{"href":"https:\/\/www.europesays.com\/de\/wp-json\/wp\/v2\/posts\/554691","targetHints":{"allow":["GET"]}}],"collection":[{"href":"https:\/\/www.europesays.com\/de\/wp-json\/wp\/v2\/posts"}],"about":[{"href":"https:\/\/www.europesays.com\/de\/wp-json\/wp\/v2\/types\/post"}],"author":[{"embeddable":true,"href":"https:\/\/www.europesays.com\/de\/wp-json\/wp\/v2\/users\/2"}],"replies":[{"embeddable":true,"href":"https:\/\/www.europesays.com\/de\/wp-json\/wp\/v2\/comments?post=554691"}],"version-history":[{"count":0,"href":"https:\/\/www.europesays.com\/de\/wp-json\/wp\/v2\/posts\/554691\/revisions"}],"wp:featuredmedia":[{"embeddable":true,"href":"https:\/\/www.europesays.com\/de\/wp-json\/wp\/v2\/media\/554692"}],"wp:attachment":[{"href":"https:\/\/www.europesays.com\/de\/wp-json\/wp\/v2\/media?parent=554691"}],"wp:term":[{"taxonomy":"category","embeddable":true,"href":"https:\/\/www.europesays.com\/de\/wp-json\/wp\/v2\/categories?post=554691"},{"taxonomy":"post_tag","embeddable":true,"href":"https:\/\/www.europesays.com\/de\/wp-json\/wp\/v2\/tags?post=554691"}],"curies":[{"name":"wp","href":"https:\/\/api.w.org\/{rel}","templated":true}]}}