{"id":554792,"date":"2025-11-06T07:03:15","date_gmt":"2025-11-06T07:03:15","guid":{"rendered":"https:\/\/www.europesays.com\/de\/554792\/"},"modified":"2025-11-06T07:03:15","modified_gmt":"2025-11-06T07:03:15","slug":"sturm-graz-vs-nottingham-forest-heute-live-im-free-tv-sehen-wer-zeigt-uebertraegt-die-europa-league-in-oesterreich-im-tv-und-livestream","status":"publish","type":"post","link":"https:\/\/www.europesays.com\/de\/554792\/","title":{"rendered":"Sturm Graz vs. Nottingham Forest heute live im Free-TV sehen: Wer zeigt \/ \u00fcbertr\u00e4gt die Europa League in \u00d6sterreich im TV und Livestream?"},"content":{"rendered":"<p>In der Europa League kommt es zum Aufeinandertreffen zwischen Sturm Graz und Nottingham Forrest. Doch wo l\u00e4uft die Partie? SPOX verr\u00e4t es Euch.<\/p>\n<p>Am 4. Spieltag der Europa League kommt es in der Ligaphase zum Duell zwischen Sturm Graz und Nottingham Forrest aus England. Ansto\u00df ist um 18:45 Uhr in der Merkur Arena in Graz.<\/p>\n<p><strong>SPOX<\/strong>verr\u00e4t Euch in diesem Artikel, wie Ihr die Partie heute live im TV und Livestream sehen k\u00f6nnt.<\/p>\n<p>Sturm Graz vs. Nottingham Forest heute live im Free-TV sehen: Wer zeigt \/ \u00fcbertr\u00e4gt die Europa League in \u00d6sterreich im TV und Livestream?<\/p>\n<p>In \u00d6sterreich wird die Partie von Canal + \u00fcbertragen. Georg Teigl und Robert Almer stehen Moderatorin Amelie Stiefvater als Experten zur Seite, Johnny Ertl fungiert als Co-Kommentator von Johannes Hofer.<\/p>\n<p>In Deutschland k\u00f6nnt Ihr das Spiel bei RTL+ verfolgen. Die \u00dcbertragung beginnt kurz vor Anpfiff, ein kostenpflichtiges Abonnement ist erforderlich.<\/p>\n<p><img loading=\"lazy\" decoding=\"async\" height=\"40\" width=\"72\" src=\"https:\/\/www.europesays.com\/de\/wp-content\/uploads\/2025\/11\/RTL  Logo.jpg\" style=\"width:72;height:40\" class=\"logo\"\/>Sport live sehenThemen der Woche: Was war bei Sturm Graz los?<\/p>\n<p>Sturm Graz befindet sich aktuell in einer schwierigen Phase. Die letzten drei Ligaspiele gingen verloren, zuletzt am Sonntag mit 1:2 bei Rapid Wien. Auch im \u00f6sterreichischen Pokal setzten sich die Grazer erst in der Vorwoche nach Elfmeterschie\u00dfen gegen FC Admira Wacker durch. In der Admiral-Bundesliga belegt das Team derzeit Rang vier.<\/p>\n<p>In der Europa League l\u00e4uft es ebenfalls nicht rund: Nach einem Sieg und zwei Niederlagen steht Sturm Graz aktuell auf Platz 27, der das vorzeitige Ausscheiden aus dem Wettbewerb bedeuten w\u00fcrde.<\/p>\n<p>Themen der Woche: Was war bei Nottingham Forest los?\u00a0<\/p>\n<p>Nottingham Forest hat in dieser Saison bereits seinen dritten Trainer eingesetzt. Nach nur 39 Tagen im Amt \u00fcbernahm Sean Dyche das Ruder von Ange Postecoglou. Zu Saisonbeginn hatte Nuno Esp\u00edrito Santo das Team betreut. In der Premier League stehen die Engl\u00e4nder aktuell auf dem vorletzten Platz.<\/p>\n<p>International l\u00e4uft es etwas besser: In der Europa League sammelte Nottingham aus drei Spielen vier Punkte und belegt derzeit Rang 17 in der Europa-League-Tabelle.<\/p>\n<p>Sturm Graz vs. Nottingham Forest: Ansto\u00dfzeitSturm Graz vs. Nottingham Forest: Aufstellungen<img class=\"fco-image__image fco-image__image--cover\" alt=\"SGR crest\" loading=\"lazy\" decoding=\"auto\" fetchpriority=\"auto\" src=\"https:\/\/www.europesays.com\/de\/wp-content\/uploads\/2025\/11\/gTBEfLwbfIRworyFUHw3E.png\"\/><\/p>\n<p>SGR<\/p>\n<p>SGR<\/p>\n<p><img class=\"fco-image__image fco-image__image--cover\" alt=\"NFO crest\" loading=\"lazy\" decoding=\"auto\" fetchpriority=\"auto\" src=\"https:\/\/www.europesays.com\/de\/wp-content\/uploads\/2025\/11\/IWbE2C30AaU7KQYuWhsGt.png\"\/><\/p>\n<p>NFO<\/p>\n<p>NFO<\/p>\n<p><img class=\"fco-image__image fco-image__image--cover\" alt=\"SGR crest\" loading=\"lazy\" decoding=\"auto\" fetchpriority=\"auto\" src=\"https:\/\/www.europesays.com\/de\/wp-content\/uploads\/2025\/11\/gTBEfLwbfIRworyFUHw3E.png\"\/><\/p>\n<p>SGR<\/p>\n<p>SGR<\/p>\n<p><img class=\"fco-image__image fco-image__image--cover\" alt=\"NFO crest\" loading=\"lazy\" decoding=\"auto\" fetchpriority=\"auto\" src=\"https:\/\/www.europesays.com\/de\/wp-content\/uploads\/2025\/11\/IWbE2C30AaU7KQYuWhsGt.png\"\/><\/p>\n<p>NFO<\/p>\n<p>NFO<\/p>\n<p><img class=\"fco-image__image fco-image__image--cover\" alt=\"SGR crest\" loading=\"lazy\" decoding=\"auto\" fetchpriority=\"auto\" src=\"https:\/\/www.europesays.com\/de\/wp-content\/uploads\/2025\/11\/gTBEfLwbfIRworyFUHw3E.png\"\/><\/p>\n<p>SGR<\/p>\n<p>SGR<\/p>\n<p><img class=\"fco-image__image fco-image__image--cover\" alt=\"NFO crest\" loading=\"lazy\" decoding=\"auto\" fetchpriority=\"auto\" src=\"https:\/\/www.europesays.com\/de\/wp-content\/uploads\/2025\/11\/IWbE2C30AaU7KQYuWhsGt.png\"\/><\/p>\n<p>NFO<\/p>\n<p>NFO<\/p>\n<p>Sturm Graz vs. Nottingham Forest: Form<img class=\"fco-image__image fco-image__image--cover\" alt=\"SGR crest\" loading=\"lazy\" decoding=\"auto\" fetchpriority=\"auto\" src=\"https:\/\/www.europesays.com\/de\/wp-content\/uploads\/2025\/11\/gTBEfLwbfIRworyFUHw3E.png\"\/><\/p>\n<p>SGR<\/p>\n<p>SGR<\/p>\n<p><img class=\"fco-image__image fco-image__image--cover\" alt=\"NFO crest\" loading=\"lazy\" decoding=\"auto\" fetchpriority=\"auto\" src=\"https:\/\/www.europesays.com\/de\/wp-content\/uploads\/2025\/11\/IWbE2C30AaU7KQYuWhsGt.png\"\/><\/p>\n<p>NFO<\/p>\n<p>NFO<\/p>\n<p>Tor erzielt (kassiert)8\/11<\/p>\n<p>Spiele \u00fcber 2.5 Tore4\/5<\/p>\n<p>Beide Teams haben getroffen5\/5<\/p>\n<p>Tor erzielt (kassiert)4\/9<\/p>\n<p>Spiele \u00fcber 2.5 Tore2\/5<\/p>\n<p>Beide Teams haben getroffen1\/5<\/p>\n<p>Sturm Graz vs. Nottingham Forest: Bilanz direkte DuelleSturm Graz vs. Nottingham Forest: Die TabellenEuropa League Tabelle<img class=\"fco-image__image fco-image__image--cover\" alt=\"\" loading=\"lazy\" decoding=\"auto\" fetchpriority=\"auto\" height=\"22\" src=\"https:\/\/www.europesays.com\/de\/wp-content\/uploads\/2025\/11\/4c1nfi2j1m731hcay25fcgndq.png\"\/><\/p>\n<p>Qualifikation f\u00fcr das Achtelfinale<\/p>\n<p>Qualifikation f\u00fcr das Sechzehntelfinale<\/p>\n<p>Mit VPN \u00fcberall auf der Welt streamenFalls Ihr Euch im Ausland befindet, k\u00f6nnt Ihr ein VPN verwenden, um Spiele \u00fcber die \u00fcblichen Anbieter zu schauen. \u00dcber NordVPN k\u00f6nnt ihr aus dem Ausland eine sichere Online-Verbindung herstellen. NordVPN geh\u00f6rt weltweit zu den beliebtesten und renommiertesten VPN-Anbietern.<\/p>\n","protected":false},"excerpt":{"rendered":"In der Europa League kommt es zum Aufeinandertreffen zwischen Sturm Graz und Nottingham Forrest. Doch wo l\u00e4uft die&hellip;\n","protected":false},"author":2,"featured_media":554793,"comment_status":"","ping_status":"","sticky":false,"template":"","format":"standard","meta":{"footnotes":"","_share_on_mastodon":"0"},"categories":[3933],"tags":[331,332,548,663,5855,158,3934,3935,347,13,14,15,24307,12,4604,134543,134544],"class_list":["post-554792","post","type-post","status-publish","format-standard","has-post-thumbnail","category-eu","tag-aktuelle-nachrichten","tag-aktuelle-news","tag-eu","tag-europa","tag-europa-league","tag-europaeische-union","tag-europe","tag-european-union","tag-fussball","tag-headlines","tag-nachrichten","tag-news","tag-nottingham-forest","tag-schlagzeilen","tag-soccer","tag-sturm-graz","tag-sturm-graz-vs-nottingham-forest"],"share_on_mastodon":{"url":"https:\/\/pubeurope.com\/@de\/115501479678839984","error":""},"_links":{"self":[{"href":"https:\/\/www.europesays.com\/de\/wp-json\/wp\/v2\/posts\/554792","targetHints":{"allow":["GET"]}}],"collection":[{"href":"https:\/\/www.europesays.com\/de\/wp-json\/wp\/v2\/posts"}],"about":[{"href":"https:\/\/www.europesays.com\/de\/wp-json\/wp\/v2\/types\/post"}],"author":[{"embeddable":true,"href":"https:\/\/www.europesays.com\/de\/wp-json\/wp\/v2\/users\/2"}],"replies":[{"embeddable":true,"href":"https:\/\/www.europesays.com\/de\/wp-json\/wp\/v2\/comments?post=554792"}],"version-history":[{"count":0,"href":"https:\/\/www.europesays.com\/de\/wp-json\/wp\/v2\/posts\/554792\/revisions"}],"wp:featuredmedia":[{"embeddable":true,"href":"https:\/\/www.europesays.com\/de\/wp-json\/wp\/v2\/media\/554793"}],"wp:attachment":[{"href":"https:\/\/www.europesays.com\/de\/wp-json\/wp\/v2\/media?parent=554792"}],"wp:term":[{"taxonomy":"category","embeddable":true,"href":"https:\/\/www.europesays.com\/de\/wp-json\/wp\/v2\/categories?post=554792"},{"taxonomy":"post_tag","embeddable":true,"href":"https:\/\/www.europesays.com\/de\/wp-json\/wp\/v2\/tags?post=554792"}],"curies":[{"name":"wp","href":"https:\/\/api.w.org\/{rel}","templated":true}]}}