{"id":554851,"date":"2025-11-06T07:34:12","date_gmt":"2025-11-06T07:34:12","guid":{"rendered":"https:\/\/www.europesays.com\/de\/554851\/"},"modified":"2025-11-06T07:34:12","modified_gmt":"2025-11-06T07:34:12","slug":"tiroler-christbaum-ziert-muenchens-marienplatz","status":"publish","type":"post","link":"https:\/\/www.europesays.com\/de\/554851\/","title":{"rendered":"Tiroler Christbaum ziert M\u00fcnchens Marienplatz"},"content":{"rendered":"<p>Jetzt geht\u2019s stramm Richtung Weihnachten: Auf dem M\u00fcnchner Marienplatz steht seit dem Morgen der Christbaum. Die Stadt spricht von einem \u201eWahrzeichen des Christkindlmarkts\u201c. In festlichem Licht erstrahlt der Christbaum mit Start des Christkindlmarkts vom 24. November.\u00a0<\/p>\n<p>Den rund 25 Meter hohen Baum hat heuer die \u00f6sterreichischen Gemeinde Ellmau in Tirol gestiftet. Seit 1977 spenden Gemeinden aus Bayern und den Alpenl\u00e4ndern der Stadt einen Baum. Daf\u00fcr d\u00fcrfen sich die Gemeinden auf dem Christkindlmarkt pr\u00e4sentieren. Dort gibt es dieses Jahr 138 Waren- und Gastronomiestandl &#8211; mit zahlreichen potenziellen Weihnachtsgeschenken wie Glasbildern, Wollschuhen, Spielen, Schmuck und Honig.\u00a0<\/p>\n<p>Traditionelles \u201eAnleuchten\u201c <\/p>\n<p>Am 24. November steht analog zum Anzapfen zum Oktoberfeststart das offizielle \u201eAnleuchten\u201c auf dem Programm, das der Oberb\u00fcrgermeister oder ein Stellvertreter laut Stadt mit den Worten \u201eDrei, zwei, eins, Licht\u201c vollzieht. Die Fichte bleibt bis zum 6. Januar erleuchtet.\u00a0<\/p>\n<p>Die M\u00fcnchner Berufsfeuerwehr hatte den Baumstamm am Morgen mit schwerem Ger\u00e4t vor dem Neuen Rathaus in ein zwei Meter tiefes Bodenloch versenkt und mit Hilfe eines Krans aufgerichtet. Mitarbeiterinnen und Mitarbeiter der Abteilung Stra\u00dfenbeleuchtung im st\u00e4dtischen Baureferat schm\u00fccken den Christbaum mit 3.000 Lichtern.<\/p>\n<p>Danach steht dem rund 3,5 Tonnen schweren Koloss eine Karriere als Maibaum offen, wie die Stadt weiter mitteilt. Der Stamm stehe nach dem Abbau am 8. Januar zur Verf\u00fcgung. Interessenten k\u00f6nnen sich beim Direktorium der Landeshauptstadt melden.<\/p>\n<p>\u00a9 dpa-infocom, dpa:251106-930-256413\/1<\/p>\n","protected":false},"excerpt":{"rendered":"Jetzt geht\u2019s stramm Richtung Weihnachten: Auf dem M\u00fcnchner Marienplatz steht seit dem Morgen der Christbaum. Die Stadt spricht&hellip;\n","protected":false},"author":2,"featured_media":554852,"comment_status":"","ping_status":"","sticky":false,"template":"","format":"standard","meta":{"footnotes":""},"categories":[1827],"tags":[772,29,7488,30,1268,7489,7490,12289],"class_list":{"0":"post-554851","1":"post","2":"type-post","3":"status-publish","4":"format-standard","5":"has-post-thumbnail","7":"category-muenchen","8":"tag-bayern","9":"tag-deutschland","10":"tag-dpa","11":"tag-germany","12":"tag-muenchen","13":"tag-region-bayern","14":"tag-vermischtes","15":"tag-weihnachten"},"share_on_mastodon":{"url":"https:\/\/pubeurope.com\/@de\/115501600989631060","error":""},"_links":{"self":[{"href":"https:\/\/www.europesays.com\/de\/wp-json\/wp\/v2\/posts\/554851","targetHints":{"allow":["GET"]}}],"collection":[{"href":"https:\/\/www.europesays.com\/de\/wp-json\/wp\/v2\/posts"}],"about":[{"href":"https:\/\/www.europesays.com\/de\/wp-json\/wp\/v2\/types\/post"}],"author":[{"embeddable":true,"href":"https:\/\/www.europesays.com\/de\/wp-json\/wp\/v2\/users\/2"}],"replies":[{"embeddable":true,"href":"https:\/\/www.europesays.com\/de\/wp-json\/wp\/v2\/comments?post=554851"}],"version-history":[{"count":0,"href":"https:\/\/www.europesays.com\/de\/wp-json\/wp\/v2\/posts\/554851\/revisions"}],"wp:featuredmedia":[{"embeddable":true,"href":"https:\/\/www.europesays.com\/de\/wp-json\/wp\/v2\/media\/554852"}],"wp:attachment":[{"href":"https:\/\/www.europesays.com\/de\/wp-json\/wp\/v2\/media?parent=554851"}],"wp:term":[{"taxonomy":"category","embeddable":true,"href":"https:\/\/www.europesays.com\/de\/wp-json\/wp\/v2\/categories?post=554851"},{"taxonomy":"post_tag","embeddable":true,"href":"https:\/\/www.europesays.com\/de\/wp-json\/wp\/v2\/tags?post=554851"}],"curies":[{"name":"wp","href":"https:\/\/api.w.org\/{rel}","templated":true}]}}