{"id":554923,"date":"2025-11-06T08:13:16","date_gmt":"2025-11-06T08:13:16","guid":{"rendered":"https:\/\/www.europesays.com\/de\/554923\/"},"modified":"2025-11-06T08:13:16","modified_gmt":"2025-11-06T08:13:16","slug":"arminia-bielefeld-vor-personalwechsel-und-mit-mitgliederrekord","status":"publish","type":"post","link":"https:\/\/www.europesays.com\/de\/554923\/","title":{"rendered":"Arminia Bielefeld vor Personalwechsel und mit Mitgliederrekord"},"content":{"rendered":"<p>Die 65-j\u00e4hrige Kauffrau Kathrin Dahnke will neue Schatzmeisterin von Arminia Bielefeld werden. Bei der Mitgliederversammlung Ende November soll sie laut NW auf Rainer Kobusch folgen, der f\u00fcr den zur\u00fcckgetretenen Rainer Sch\u00fctte DSC-Pr\u00e4sident werden soll. Unterdessen hat der Verein seine Mitgliederzahl von 15.000 im Mai auf 29.000 nahezu verdoppelt.<\/p>\n","protected":false},"excerpt":{"rendered":"Die 65-j\u00e4hrige Kauffrau Kathrin Dahnke will neue Schatzmeisterin von Arminia Bielefeld werden. Bei der Mitgliederversammlung Ende November soll&hellip;\n","protected":false},"author":2,"featured_media":554924,"comment_status":"","ping_status":"","sticky":false,"template":"","format":"standard","meta":{"footnotes":""},"categories":[1841],"tags":[1605,3364,29,30,1209],"class_list":{"0":"post-554923","1":"post","2":"type-post","3":"status-publish","4":"format-standard","5":"has-post-thumbnail","7":"category-bielefeld","8":"tag-bielefeld","9":"tag-de","10":"tag-deutschland","11":"tag-germany","12":"tag-nordrhein-westfalen"},"share_on_mastodon":{"url":"https:\/\/pubeurope.com\/@de\/115501754211495815","error":""},"_links":{"self":[{"href":"https:\/\/www.europesays.com\/de\/wp-json\/wp\/v2\/posts\/554923","targetHints":{"allow":["GET"]}}],"collection":[{"href":"https:\/\/www.europesays.com\/de\/wp-json\/wp\/v2\/posts"}],"about":[{"href":"https:\/\/www.europesays.com\/de\/wp-json\/wp\/v2\/types\/post"}],"author":[{"embeddable":true,"href":"https:\/\/www.europesays.com\/de\/wp-json\/wp\/v2\/users\/2"}],"replies":[{"embeddable":true,"href":"https:\/\/www.europesays.com\/de\/wp-json\/wp\/v2\/comments?post=554923"}],"version-history":[{"count":0,"href":"https:\/\/www.europesays.com\/de\/wp-json\/wp\/v2\/posts\/554923\/revisions"}],"wp:featuredmedia":[{"embeddable":true,"href":"https:\/\/www.europesays.com\/de\/wp-json\/wp\/v2\/media\/554924"}],"wp:attachment":[{"href":"https:\/\/www.europesays.com\/de\/wp-json\/wp\/v2\/media?parent=554923"}],"wp:term":[{"taxonomy":"category","embeddable":true,"href":"https:\/\/www.europesays.com\/de\/wp-json\/wp\/v2\/categories?post=554923"},{"taxonomy":"post_tag","embeddable":true,"href":"https:\/\/www.europesays.com\/de\/wp-json\/wp\/v2\/tags?post=554923"}],"curies":[{"name":"wp","href":"https:\/\/api.w.org\/{rel}","templated":true}]}}