{"id":554925,"date":"2025-11-06T08:14:10","date_gmt":"2025-11-06T08:14:10","guid":{"rendered":"https:\/\/www.europesays.com\/de\/554925\/"},"modified":"2025-11-06T08:14:10","modified_gmt":"2025-11-06T08:14:10","slug":"stromausfall-in-der-elberfelder-suedstadt-sorgte-fuer-duestere-strassenzuege","status":"publish","type":"post","link":"https:\/\/www.europesays.com\/de\/554925\/","title":{"rendered":"Stromausfall in der Elberfelder S\u00fcdstadt sorgte f\u00fcr d\u00fcstere Stra\u00dfenz\u00fcge"},"content":{"rendered":"<p class=\"text_ohne_einzug richtext text-em-55 !leading-serif mx-6 desktop:mx-0\">Ein Kabelfehler hat am Mittwochabend zu einem Stromausfall in der Elberfelder S\u00fcdstadt gef\u00fchrt. Zwischen 20.15 Uhr und 21.40 Uhr waren ganze Stra\u00dfenz\u00fcge am Grifflenberg dunkel. Die Menschen behalfen sich mit Kerzen und Handylicht.<\/p>\n<p class=\"richtext text-em-55 !leading-serif mx-6 desktop:mx-0\">Laut Wuppertaler Stadtwerke waren unter anderem betroffen: Augustastra\u00dfe, Fuhlrottstra\u00dfe, Max-Horkheimer-Stra\u00dfe und Oberer Grifflenberg. Der Fehler war in knapp unter 90 Minuten behoben.<\/p>\n","protected":false},"excerpt":{"rendered":"Ein Kabelfehler hat am Mittwochabend zu einem Stromausfall in der Elberfelder S\u00fcdstadt gef\u00fchrt. Zwischen 20.15 Uhr und 21.40&hellip;\n","protected":false},"author":2,"featured_media":554926,"comment_status":"","ping_status":"","sticky":false,"template":"","format":"standard","meta":{"footnotes":""},"categories":[1840],"tags":[3364,29,27035,7080,30,134560,81458,30680,3480,1209,524,57945,5667,8979,4418,6226],"class_list":{"0":"post-554925","1":"post","2":"type-post","3":"status-publish","4":"format-standard","5":"has-post-thumbnail","7":"category-wuppertal","8":"tag-de","9":"tag-deutschland","10":"tag-elberfelder","11":"tag-fehler","12":"tag-germany","13":"tag-grifflenberg","14":"tag-kabelfehler","15":"tag-knapp","16":"tag-minuten","17":"tag-nordrhein-westfalen","18":"tag-strasse","19":"tag-strassenzuege","20":"tag-stromausfall","21":"tag-suedstadt","22":"tag-wuppertal","23":"tag-wuppertaler"},"share_on_mastodon":{"url":"https:\/\/pubeurope.com\/@de\/115501758133864606","error":""},"_links":{"self":[{"href":"https:\/\/www.europesays.com\/de\/wp-json\/wp\/v2\/posts\/554925","targetHints":{"allow":["GET"]}}],"collection":[{"href":"https:\/\/www.europesays.com\/de\/wp-json\/wp\/v2\/posts"}],"about":[{"href":"https:\/\/www.europesays.com\/de\/wp-json\/wp\/v2\/types\/post"}],"author":[{"embeddable":true,"href":"https:\/\/www.europesays.com\/de\/wp-json\/wp\/v2\/users\/2"}],"replies":[{"embeddable":true,"href":"https:\/\/www.europesays.com\/de\/wp-json\/wp\/v2\/comments?post=554925"}],"version-history":[{"count":0,"href":"https:\/\/www.europesays.com\/de\/wp-json\/wp\/v2\/posts\/554925\/revisions"}],"wp:featuredmedia":[{"embeddable":true,"href":"https:\/\/www.europesays.com\/de\/wp-json\/wp\/v2\/media\/554926"}],"wp:attachment":[{"href":"https:\/\/www.europesays.com\/de\/wp-json\/wp\/v2\/media?parent=554925"}],"wp:term":[{"taxonomy":"category","embeddable":true,"href":"https:\/\/www.europesays.com\/de\/wp-json\/wp\/v2\/categories?post=554925"},{"taxonomy":"post_tag","embeddable":true,"href":"https:\/\/www.europesays.com\/de\/wp-json\/wp\/v2\/tags?post=554925"}],"curies":[{"name":"wp","href":"https:\/\/api.w.org\/{rel}","templated":true}]}}