{"id":554927,"date":"2025-11-06T08:15:13","date_gmt":"2025-11-06T08:15:13","guid":{"rendered":"https:\/\/www.europesays.com\/de\/554927\/"},"modified":"2025-11-06T08:15:13","modified_gmt":"2025-11-06T08:15:13","slug":"weihnachtsfeier-fuer-einsame-spendenaktion-gestartet","status":"publish","type":"post","link":"https:\/\/www.europesays.com\/de\/554927\/","title":{"rendered":"Weihnachtsfeier f\u00fcr Einsame: Spendenaktion gestartet"},"content":{"rendered":"<p class=\"text_ohne_einzug richtext text-em-55 !leading-serif mx-6 desktop:mx-0\">Hunderte ehrenamtliche Helferinnen und Helfer sowie Mitarbeiterinnen und Mitarbeitern der einladenden Verb\u00e4nde organisieren dieses besondere Weihnachtsfest, das auch in Zeiten starker K\u00fcrzungen im Sozialbereich stattfindet. \u201eEs ist uns ein besonderes Herzensanliegen, f\u00fcr die Menschen etwas W\u00e4rme und N\u00e4he zu schaffen \u2013 und daf\u00fcr nicht nur Zeit, sondern auch Geld in die Hand zu nehmen\u201c, sagt Diakoniedirektorin Dr. Sabine Federmann.<\/p>\n","protected":false},"excerpt":{"rendered":"Hunderte ehrenamtliche Helferinnen und Helfer sowie Mitarbeiterinnen und Mitarbeitern der einladenden Verb\u00e4nde organisieren dieses besondere Weihnachtsfest, das auch&hellip;\n","protected":false},"author":2,"featured_media":554928,"comment_status":"","ping_status":"","sticky":false,"template":"","format":"standard","meta":{"footnotes":""},"categories":[1840],"tags":[3364,29,30,1209,4418],"class_list":{"0":"post-554927","1":"post","2":"type-post","3":"status-publish","4":"format-standard","5":"has-post-thumbnail","7":"category-wuppertal","8":"tag-de","9":"tag-deutschland","10":"tag-germany","11":"tag-nordrhein-westfalen","12":"tag-wuppertal"},"share_on_mastodon":{"url":"https:\/\/pubeurope.com\/@de\/115501762082887447","error":""},"_links":{"self":[{"href":"https:\/\/www.europesays.com\/de\/wp-json\/wp\/v2\/posts\/554927","targetHints":{"allow":["GET"]}}],"collection":[{"href":"https:\/\/www.europesays.com\/de\/wp-json\/wp\/v2\/posts"}],"about":[{"href":"https:\/\/www.europesays.com\/de\/wp-json\/wp\/v2\/types\/post"}],"author":[{"embeddable":true,"href":"https:\/\/www.europesays.com\/de\/wp-json\/wp\/v2\/users\/2"}],"replies":[{"embeddable":true,"href":"https:\/\/www.europesays.com\/de\/wp-json\/wp\/v2\/comments?post=554927"}],"version-history":[{"count":0,"href":"https:\/\/www.europesays.com\/de\/wp-json\/wp\/v2\/posts\/554927\/revisions"}],"wp:featuredmedia":[{"embeddable":true,"href":"https:\/\/www.europesays.com\/de\/wp-json\/wp\/v2\/media\/554928"}],"wp:attachment":[{"href":"https:\/\/www.europesays.com\/de\/wp-json\/wp\/v2\/media?parent=554927"}],"wp:term":[{"taxonomy":"category","embeddable":true,"href":"https:\/\/www.europesays.com\/de\/wp-json\/wp\/v2\/categories?post=554927"},{"taxonomy":"post_tag","embeddable":true,"href":"https:\/\/www.europesays.com\/de\/wp-json\/wp\/v2\/tags?post=554927"}],"curies":[{"name":"wp","href":"https:\/\/api.w.org\/{rel}","templated":true}]}}