{"id":554937,"date":"2025-11-06T08:20:13","date_gmt":"2025-11-06T08:20:13","guid":{"rendered":"https:\/\/www.europesays.com\/de\/554937\/"},"modified":"2025-11-06T08:20:13","modified_gmt":"2025-11-06T08:20:13","slug":"ice-verhaftet-kindergaertnerin-vor-augen-der-kinder","status":"publish","type":"post","link":"https:\/\/www.europesays.com\/de\/554937\/","title":{"rendered":"ICE verhaftet Kinderg\u00e4rtnerin vor Augen der Kinder"},"content":{"rendered":"<p><img src=\"https:\/\/www.europesays.com\/de\/wp-content\/uploads\/2025\/11\/nach-ice-einsatz-kindergarten-chicago-100~1920x1080\"  alt=\"Maria Guzman (links) und Sergio Rocha, Eltern kleiner Kinder, tr\u00f6sten sich gegenseitig vor dem Rayito de Sol Spanish Immersion Early Learning Center, nachdem Bundesbeamte der Einwanderungsbeh\u00f6rde am 5. 11. 2025, in Chicago eine Erzieherin abgef\u00fchrt hatten.\" decoding=\"async\" loading=\"eager\"  style=\"object-fit:cover;object-position:center\" fetchpriority=\"high\" class=\"f1mqliu0\"\/><\/p>\n<p class=\"cqlj8pf c1pbsmr2\">Best\u00fcrzung unter Eltern und Kindern nach der Festnahme einer Frau in einer Kita in Chicago.<\/p>\n<p>Quelle: AP<\/p>\n<p class=\"r1nj4qn5 rvqyqzi\">Die Festnahme einer kolumbianischen Kinderg\u00e4rtnerin an ihrem Arbeitsplatz durch Beamte der US-Einwanderungsbeh\u00f6rde (ICE) in Chicago erregt in den <a data-testid=\"richtext-link\" class=\"b7kurox _nl_\" id=\"58e582a2\" href=\"https:\/\/www.zdfheute.de\/thema\/usa-news-100.html\" rel=\"nofollow noopener\" target=\"_blank\">USA<\/a> Aufsehen. In einem Video ist zu sehen, wie zwei ICE-Agenten eine schreiende Frau aus dem Geb\u00e4ude der Kita &#8222;Rayito de Sol&#8220; zerren, w\u00e4hrend die Frau beteuert, im Besitz g\u00fcltiger Papiere zu sein. Der Einsatz soll am fr\u00fchen Mittwochmorgen (Ortszeit) vor den Augen von Kindern und Betreuern stattgefunden haben.<\/p>\n<p class=\"r1nj4qn5 rvqyqzi\">Das Video wurde von dem Vater eines Kindergartenkindes aufgenommen, sp\u00e4ter in den sozialen Medien geteilt und von US-Medien aufgegriffen.<\/p>\n<p><img decoding=\"async\" loading=\"lazy\" fetchpriority=\"low\" alt=\"Drei M\u00e4nner in Uniform vom ICE halten auf Stra\u00dfe in Los Angeles liegenden Mann fest\" class=\"pei0kpe\"\/><\/p>\n<p class=\"c1pbsmr2\">Trumps Versprechen von Massendeportationen wird in den USA zur Realit\u00e4t. Doch die brutalen Methoden der Einwanderungsbeh\u00f6rde sto\u00dfen auf immer mehr Widerstand im Land.<\/p>\n<p>02.07.2025 | 21:06 min<\/p>\n<p>Scharfe Kritik an ICE-Einsatz in Kita in Chicago<\/p>\n<p class=\"r1nj4qn5 rvqyqzi\">Eltern, Kollegen und Politiker kritisierten den Einsatz scharf. Der Lokalpolitiker Matt Martin sagte dem Lokalsender NBC Chicago:<\/p>\n<blockquote class=\"bosa0j6\">\n<p class=\"tley63f hhhtovw\">Das sind mit die erschreckendsten Videoaufnahmen, die ich je in meiner Amtszeit gesehen habe.<\/p>\n<p>\u201e<\/p><\/blockquote>\n<p class=\"abqjgdv m1lnp037\">Matt Martin, Lokalpolitiker<\/p>\n<p class=\"r1nj4qn5 rvqyqzi\">&#8222;Bewaffnete Beamte patrouillierten in der Einrichtung, w\u00e4hrend sich Erzieherinnen und Kinder darin aufhielten&#8220;, sagte Martin weiter und forderte die sofortige Freilassung der Kinderg\u00e4rtnerin. Hunderte Eltern, Nachbarn und Politiker zeigten bei einer Demonstration ihre Solidarit\u00e4t mit der Frau.<\/p>\n<p><img decoding=\"async\" loading=\"lazy\" fetchpriority=\"low\" alt=\"01.07.2025, USA, Ochopee: US-Pr\u00e4sident Donald Trump und Floridas Gouverneur Ron DeSantis besichtigen das &quot;Alligator Alcatraz&quot;, eine neue Haftanstalt f\u00fcr Migranten in der Dade-Collier-Ausbildungs- und \u00dcbergangseinrichtung.\" class=\"pei0kpe\"\/><\/p>\n<p class=\"c1pbsmr2\">Abschreckung und Massenabschiebungen \u2013 das ist die Einwanderungspolitik von US-Pr\u00e4sident Trump. Seine Beamten gehen radikal gegen Menschen ohne Papiere vor. <\/p>\n<p>01.07.2025 | 1:22 min<\/p>\n<p>Beh\u00f6rde: Kinderg\u00e4rtnerin illegal in die USA eingewandert<\/p>\n<p class=\"r1nj4qn5 rvqyqzi\">Nach Angaben des US-Heimatschutzministeriums (DHS) soll die Kinderg\u00e4rtnerin illegal aus Kolumbien in die USA eingewandert sein und im Oktober Menschenh\u00e4ndler daf\u00fcr bezahlt haben, ihre beiden Kinder in das Land zu schmuggeln.<\/p>\n<p class=\"r1nj4qn5 rvqyqzi\">Die Razzien der Migrationsbeh\u00f6rde ICE sind Teil der versch\u00e4rften Migrationspolitik der Regierung von <a data-testid=\"richtext-link\" class=\"b7kurox _nl_\" id=\"4ccafc9e\" href=\"https:\/\/www.zdfheute.de\/thema\/donald-trump-742.html\" rel=\"nofollow noopener\" target=\"_blank\">Donald Trump<\/a>. Diese spricht mit Blick auf die Razzien von kriminellen Ausl\u00e4ndern und Migranten, die sich illegal ohne g\u00fcltige Papiere in den Vereinigten Staaten aufhielten. Kritiker werfen der Regierung Willk\u00fcr vor.<\/p>\n<p>Quelle: dpa<\/p>\n","protected":false},"excerpt":{"rendered":"Best\u00fcrzung unter Eltern und Kindern nach der Festnahme einer Frau in einer Kita in Chicago. Quelle: AP Die&hellip;\n","protected":false},"author":2,"featured_media":554938,"comment_status":"","ping_status":"","sticky":false,"template":"","format":"standard","meta":{"footnotes":""},"categories":[3977],"tags":[331,332,13,14,15,12,4017,4018,4016,64,4019,4020],"class_list":{"0":"post-554937","1":"post","2":"type-post","3":"status-publish","4":"format-standard","5":"has-post-thumbnail","7":"category-usa","8":"tag-aktuelle-nachrichten","9":"tag-aktuelle-news","10":"tag-headlines","11":"tag-nachrichten","12":"tag-news","13":"tag-schlagzeilen","14":"tag-united-states","15":"tag-united-states-of-america","16":"tag-us","17":"tag-usa","18":"tag-vereinigte-staaten","19":"tag-vereinigte-staaten-von-amerika"},"share_on_mastodon":{"url":"https:\/\/pubeurope.com\/@de\/115501782381805131","error":""},"_links":{"self":[{"href":"https:\/\/www.europesays.com\/de\/wp-json\/wp\/v2\/posts\/554937","targetHints":{"allow":["GET"]}}],"collection":[{"href":"https:\/\/www.europesays.com\/de\/wp-json\/wp\/v2\/posts"}],"about":[{"href":"https:\/\/www.europesays.com\/de\/wp-json\/wp\/v2\/types\/post"}],"author":[{"embeddable":true,"href":"https:\/\/www.europesays.com\/de\/wp-json\/wp\/v2\/users\/2"}],"replies":[{"embeddable":true,"href":"https:\/\/www.europesays.com\/de\/wp-json\/wp\/v2\/comments?post=554937"}],"version-history":[{"count":0,"href":"https:\/\/www.europesays.com\/de\/wp-json\/wp\/v2\/posts\/554937\/revisions"}],"wp:featuredmedia":[{"embeddable":true,"href":"https:\/\/www.europesays.com\/de\/wp-json\/wp\/v2\/media\/554938"}],"wp:attachment":[{"href":"https:\/\/www.europesays.com\/de\/wp-json\/wp\/v2\/media?parent=554937"}],"wp:term":[{"taxonomy":"category","embeddable":true,"href":"https:\/\/www.europesays.com\/de\/wp-json\/wp\/v2\/categories?post=554937"},{"taxonomy":"post_tag","embeddable":true,"href":"https:\/\/www.europesays.com\/de\/wp-json\/wp\/v2\/tags?post=554937"}],"curies":[{"name":"wp","href":"https:\/\/api.w.org\/{rel}","templated":true}]}}